{"id":65770,"date":"2023-03-21T16:06:01","date_gmt":"2023-03-21T19:06:01","guid":{"rendered":"https:\/\/crarn.org.br\/?p=65770"},"modified":"2023-03-21T16:06:03","modified_gmt":"2023-03-21T19:06:03","slug":"cra-rn-destaca-a-importancia-da-imagem-pessoal-para-o-mercado-de-trabalho","status":"publish","type":"post","link":"https:\/\/crarn.org.br\/?p=65770","title":{"rendered":"CRA-RN destaca a import\u00e2ncia da imagem pessoal para o Mercado de Trabalho"},"content":{"rendered":"\n<p>O CRA-RN realizou, nesta segunda-feira (20), um evento especial em comemora\u00e7\u00e3o ao Dia Internacional da Mulher.<\/p>\n<p>Com uma palestra, no audit\u00f3rio da Fecom\u00e9rcio, sobre \u201cO Poder da Imagem no Mercado de Trabalho\u201d, o regional reuniu profissionais em torno da empreendedora, estilista e consultora de imagem, Juliana Oliveira.\u00a0<\/p>\n<p>O encontro foi aberto pelo presidente do CRA-RN, Adm. Fl\u00e1vio Em\u00edlio Cavalcanti e pela diretora de Forma\u00e7\u00e3o Profissional, Adm. Isabella Mendon\u00e7a, que deram as boas-vindas aos presentes e apresentaram a palestrante.<\/p>\n<p>Em sua explana\u00e7\u00e3o, Juliana, falou sobre os pilares da imagem \u2013 autoestima, autoaceita\u00e7\u00e3o, autoconfian\u00e7a e autoconhecimento \u2013, <em>dress code<\/em>, al\u00e9m da psicologia das cores e a rela\u00e7\u00e3o delas com a imagem pessoal.<\/p>\n<p>\u00a0<\/p>\n<p>\u00a0<\/p>\n<p>\u00a0<\/p>\n<div id='gallery-1' class='gallery galleryid-65770 gallery-columns-2 gallery-size-full'><figure class='gallery-item'>\n\t\t\t<div class='gallery-icon landscape'>\n\t\t\t\t<img fetchpriority=\"high\" decoding=\"async\" width=\"2508\" height=\"1672\" src=\"https:\/\/crarn.org.br\/wp-content\/uploads\/2023\/03\/4-DSC_0067red.jpg\" class=\"attachment-full size-full\" alt=\"\" srcset=\"https:\/\/crarn.org.br\/wp-content\/uploads\/2023\/03\/4-DSC_0067red.jpg 2508w, https:\/\/crarn.org.br\/wp-content\/uploads\/2023\/03\/4-DSC_0067red-300x200.jpg 300w, https:\/\/crarn.org.br\/wp-content\/uploads\/2023\/03\/4-DSC_0067red-1024x683.jpg 1024w, https:\/\/crarn.org.br\/wp-content\/uploads\/2023\/03\/4-DSC_0067red-768x512.jpg 768w, https:\/\/crarn.org.br\/wp-content\/uploads\/2023\/03\/4-DSC_0067red-1536x1024.jpg 1536w, https:\/\/crarn.org.br\/wp-content\/uploads\/2023\/03\/4-DSC_0067red-2048x1365.jpg 2048w\" sizes=\"(max-width: 2508px) 100vw, 2508px\" \/>\n\t\t\t<\/div><\/figure><figure class='gallery-item'>\n\t\t\t<div class='gallery-icon landscape'>\n\t\t\t\t<img decoding=\"async\" width=\"2508\" height=\"1671\" src=\"https:\/\/crarn.org.br\/wp-content\/uploads\/2023\/03\/1-DSC_0060red.jpg\" class=\"attachment-full size-full\" alt=\"\" srcset=\"https:\/\/crarn.org.br\/wp-content\/uploads\/2023\/03\/1-DSC_0060red.jpg 2508w, https:\/\/crarn.org.br\/wp-content\/uploads\/2023\/03\/1-DSC_0060red-300x200.jpg 300w, https:\/\/crarn.org.br\/wp-content\/uploads\/2023\/03\/1-DSC_0060red-1024x682.jpg 1024w, https:\/\/crarn.org.br\/wp-content\/uploads\/2023\/03\/1-DSC_0060red-768x512.jpg 768w, https:\/\/crarn.org.br\/wp-content\/uploads\/2023\/03\/1-DSC_0060red-1536x1023.jpg 1536w, https:\/\/crarn.org.br\/wp-content\/uploads\/2023\/03\/1-DSC_0060red-2048x1365.jpg 2048w\" sizes=\"(max-width: 2508px) 100vw, 2508px\" \/>\n\t\t\t<\/div><\/figure><figure class='gallery-item'>\n\t\t\t<div class='gallery-icon landscape'>\n\t\t\t\t<img decoding=\"async\" width=\"2508\" height=\"1672\" src=\"https:\/\/crarn.org.br\/wp-content\/uploads\/2023\/03\/18-DSC_0087red.jpg\" class=\"attachment-full size-full\" alt=\"\" srcset=\"https:\/\/crarn.org.br\/wp-content\/uploads\/2023\/03\/18-DSC_0087red.jpg 2508w, https:\/\/crarn.org.br\/wp-content\/uploads\/2023\/03\/18-DSC_0087red-300x200.jpg 300w, https:\/\/crarn.org.br\/wp-content\/uploads\/2023\/03\/18-DSC_0087red-1024x683.jpg 1024w, https:\/\/crarn.org.br\/wp-content\/uploads\/2023\/03\/18-DSC_0087red-768x512.jpg 768w, https:\/\/crarn.org.br\/wp-content\/uploads\/2023\/03\/18-DSC_0087red-1536x1024.jpg 1536w, https:\/\/crarn.org.br\/wp-content\/uploads\/2023\/03\/18-DSC_0087red-2048x1365.jpg 2048w\" sizes=\"(max-width: 2508px) 100vw, 2508px\" \/>\n\t\t\t<\/div><\/figure><figure class='gallery-item'>\n\t\t\t<div class='gallery-icon landscape'>\n\t\t\t\t<img loading=\"lazy\" decoding=\"async\" width=\"2508\" height=\"1672\" src=\"https:\/\/crarn.org.br\/wp-content\/uploads\/2023\/03\/11-DSC_0079red.jpg\" class=\"attachment-full size-full\" alt=\"\" srcset=\"https:\/\/crarn.org.br\/wp-content\/uploads\/2023\/03\/11-DSC_0079red.jpg 2508w, https:\/\/crarn.org.br\/wp-content\/uploads\/2023\/03\/11-DSC_0079red-300x200.jpg 300w, https:\/\/crarn.org.br\/wp-content\/uploads\/2023\/03\/11-DSC_0079red-1024x683.jpg 1024w, https:\/\/crarn.org.br\/wp-content\/uploads\/2023\/03\/11-DSC_0079red-768x512.jpg 768w, https:\/\/crarn.org.br\/wp-content\/uploads\/2023\/03\/11-DSC_0079red-1536x1024.jpg 1536w, https:\/\/crarn.org.br\/wp-content\/uploads\/2023\/03\/11-DSC_0079red-2048x1365.jpg 2048w\" sizes=\"(max-width: 2508px) 100vw, 2508px\" \/>\n\t\t\t<\/div><\/figure><figure class='gallery-item'>\n\t\t\t<div class='gallery-icon landscape'>\n\t\t\t\t<img loading=\"lazy\" decoding=\"async\" width=\"2508\" height=\"1672\" src=\"https:\/\/crarn.org.br\/wp-content\/uploads\/2023\/03\/34-DSC_0111red.jpg\" class=\"attachment-full size-full\" alt=\"\" srcset=\"https:\/\/crarn.org.br\/wp-content\/uploads\/2023\/03\/34-DSC_0111red.jpg 2508w, https:\/\/crarn.org.br\/wp-content\/uploads\/2023\/03\/34-DSC_0111red-300x200.jpg 300w, https:\/\/crarn.org.br\/wp-content\/uploads\/2023\/03\/34-DSC_0111red-1024x683.jpg 1024w, https:\/\/crarn.org.br\/wp-content\/uploads\/2023\/03\/34-DSC_0111red-768x512.jpg 768w, https:\/\/crarn.org.br\/wp-content\/uploads\/2023\/03\/34-DSC_0111red-1536x1024.jpg 1536w, https:\/\/crarn.org.br\/wp-content\/uploads\/2023\/03\/34-DSC_0111red-2048x1365.jpg 2048w\" sizes=\"(max-width: 2508px) 100vw, 2508px\" \/>\n\t\t\t<\/div><\/figure><figure class='gallery-item'>\n\t\t\t<div class='gallery-icon landscape'>\n\t\t\t\t<img loading=\"lazy\" decoding=\"async\" width=\"2508\" height=\"1672\" src=\"https:\/\/crarn.org.br\/wp-content\/uploads\/2023\/03\/27-DSC_0102red.jpg\" class=\"attachment-full size-full\" alt=\"\" srcset=\"https:\/\/crarn.org.br\/wp-content\/uploads\/2023\/03\/27-DSC_0102red.jpg 2508w, https:\/\/crarn.org.br\/wp-content\/uploads\/2023\/03\/27-DSC_0102red-300x200.jpg 300w, https:\/\/crarn.org.br\/wp-content\/uploads\/2023\/03\/27-DSC_0102red-1024x683.jpg 1024w, https:\/\/crarn.org.br\/wp-content\/uploads\/2023\/03\/27-DSC_0102red-768x512.jpg 768w, https:\/\/crarn.org.br\/wp-content\/uploads\/2023\/03\/27-DSC_0102red-1536x1024.jpg 1536w, https:\/\/crarn.org.br\/wp-content\/uploads\/2023\/03\/27-DSC_0102red-2048x1365.jpg 2048w\" sizes=\"(max-width: 2508px) 100vw, 2508px\" \/>\n\t\t\t<\/div><\/figure>\n\t\t<\/div>\n\n<button class=\"simplefavorite-button\" data-postid=\"65770\" data-siteid=\"1\" data-groupid=\"1\" data-favoritecount=\"0\" style=\"\">Favorite <i class=\"sf-icon-star-empty\"><\/i><\/button>","protected":false},"excerpt":{"rendered":"<p>O CRA-RN realizou, nesta segunda-feira (20), um evento especial em comemora\u00e7\u00e3o ao Dia Internacional da Mulher. Com uma palestra, no audit\u00f3rio da Fecom\u00e9rcio, sobre \u201cO Poder da Imagem no Mercado de Trabalho\u201d, o regional reuniu profissionais em torno da empreendedora, estilista e consultora de imagem, Juliana Oliveira.\u00a0 O encontro foi aberto pelo presidente do CRA-RN,<a class=\"read-more\" href=\"https:\/\/crarn.org.br\/?p=65770\"> [&hellip;]<\/a><\/p>\n","protected":false},"author":26,"featured_media":65771,"comment_status":"closed","ping_status":"open","sticky":true,"template":"","format":"standard","meta":{"_price":"","_stock":"","_tribe_ticket_header":"","_tribe_default_ticket_provider":"","_tribe_ticket_capacity":"0","_ticket_start_date":"","_ticket_end_date":"","_tribe_ticket_show_description":"","_tribe_ticket_show_not_going":false,"_tribe_ticket_use_global_stock":"","_tribe_ticket_global_stock_level":"","_global_stock_mode":"","_global_stock_cap":"","_tribe_rsvp_for_event":"","_tribe_ticket_going_count":"","_tribe_ticket_not_going_count":"","_tribe_tickets_list":"[]","_tribe_ticket_has_attendee_info_fields":false,"footnotes":"","_links_to":"","_links_to_target":""},"categories":[549,310,320,399,309],"tags":[],"class_list":["post-65770","post","type-post","status-publish","format-standard","has-post-thumbnail","hentry","category-ano-2023","category-destaque-grande","category-home","category-institucional","category-ultimas-noticias","entry","has-media"],"_links":{"self":[{"href":"https:\/\/crarn.org.br\/index.php?rest_route=\/wp\/v2\/posts\/65770","targetHints":{"allow":["GET"]}}],"collection":[{"href":"https:\/\/crarn.org.br\/index.php?rest_route=\/wp\/v2\/posts"}],"about":[{"href":"https:\/\/crarn.org.br\/index.php?rest_route=\/wp\/v2\/types\/post"}],"author":[{"embeddable":true,"href":"https:\/\/crarn.org.br\/index.php?rest_route=\/wp\/v2\/users\/26"}],"replies":[{"embeddable":true,"href":"https:\/\/crarn.org.br\/index.php?rest_route=%2Fwp%2Fv2%2Fcomments&post=65770"}],"version-history":[{"count":4,"href":"https:\/\/crarn.org.br\/index.php?rest_route=\/wp\/v2\/posts\/65770\/revisions"}],"predecessor-version":[{"id":65783,"href":"https:\/\/crarn.org.br\/index.php?rest_route=\/wp\/v2\/posts\/65770\/revisions\/65783"}],"wp:featuredmedia":[{"embeddable":true,"href":"https:\/\/crarn.org.br\/index.php?rest_route=\/wp\/v2\/media\/65771"}],"wp:attachment":[{"href":"https:\/\/crarn.org.br\/index.php?rest_route=%2Fwp%2Fv2%2Fmedia&parent=65770"}],"wp:term":[{"taxonomy":"category","embeddable":true,"href":"https:\/\/crarn.org.br\/index.php?rest_route=%2Fwp%2Fv2%2Fcategories&post=65770"},{"taxonomy":"post_tag","embeddable":true,"href":"https:\/\/crarn.org.br\/index.php?rest_route=%2Fwp%2Fv2%2Ftags&post=65770"}],"curies":[{"name":"wp","href":"https:\/\/api.w.org\/{rel}","templated":true}]}}