{"id":65760,"date":"2023-03-16T14:36:06","date_gmt":"2023-03-16T17:36:06","guid":{"rendered":"https:\/\/crarn.org.br\/?p=65760"},"modified":"2023-03-16T14:36:08","modified_gmt":"2023-03-16T17:36:08","slug":"participe-da-pesquisa-nacional-de-consulta-aos-profissionais-de-administracao","status":"publish","type":"post","link":"https:\/\/crarn.org.br\/?p=65760","title":{"rendered":"Participe da Pesquisa Nacional de consulta aos profissionais de Administra\u00e7\u00e3o"},"content":{"rendered":"\n<p>A Pesquisa Nacional Perfil, Forma\u00e7\u00e3o, Atua\u00e7\u00e3o e Oportunidades de Trabalho dos Profissionais de Administra\u00e7\u00e3o j\u00e1 est\u00e1 na segunda etapa do cronograma, com a\u00e7\u00f5es realizadas totalmente online. E mar\u00e7o \u00e9 o m\u00eas da coleta de dados.<\/p>\n<p><br \/>Nesta fase, profissionais de Administra\u00e7\u00e3o, professores e coordenadores de cursos de Administra\u00e7\u00e3o, empreendedores e empres\u00e1rios que contratam esses profissionais, ser\u00e3o consultados em quatro question\u00e1rios (pesquisa quantitativa). Os formul\u00e1rios est\u00e3o dispon\u00edveis no site do CFA.<\/p>\n<p><br \/>O diretor da C\u00e2mara de Forma\u00e7\u00e3o Profissional do CFA, Adm. Gelson Uecker, destaca a import\u00e2ncia da participa\u00e7\u00e3o dos profissionais. \u201cO Administrador trabalha a partir de informa\u00e7\u00f5es e essas informa\u00e7\u00f5es n\u00f3s teremos a partir dessa pesquisa. Por isso, eu pe\u00e7o o empenho de todos!<\/p>\n<p>Voc\u00eas, que fazem parte do CFA e tamb\u00e9m dos CRAs, estimulem as pessoas a participarem amplamente da Pesquisa Nacional que tra\u00e7a para n\u00f3s o perfil dos profissionais de Administra\u00e7\u00e3o!\u201d, enfatizou.<\/p>\n<p><br \/>Acesse <a href=\"http:\/\/cfa.org.br\/pesquisa\">cfa.org.br\/pesquisa<\/a> e participe da Pesquisa Nacional. O estudo delineia os rumos da profiss\u00e3o. Os question\u00e1rios tamb\u00e9m ser\u00e3o enviados por e-mail para os profissionais consultados. Portanto, fique atento \u00e0 caixa de entrada do seu correio eletr\u00f4nico!<\/p>\n<p><br \/>Os resultados da pesquisa ser\u00e3o repassados aos registrados nos Conselhos Regionais de Administra\u00e7\u00e3o e tamb\u00e9m estar\u00e3o dispon\u00edveis no site do CFA.<\/p>\n<p><br \/>Mais vozes<\/p>\n<p><br \/>A novidade desta, que \u00e9 a s\u00e9tima edi\u00e7\u00e3o da Pesquisa Nacional, \u00e9 a participa\u00e7\u00e3o de todos os egressos dos cursos superiores conexos (tecn\u00f3logos, mestres e doutores) que, al\u00e9m de Administradores; empresas e organiza\u00e7\u00f5es empregadoras; coordenadores e professores de cursos de Administra\u00e7\u00e3o; s\u00e3o os convidados a fornecer as informa\u00e7\u00f5es centrais para a embasar o estudo e definir conclus\u00f5es e a\u00e7\u00f5es.<\/p>\n<p><br \/>O CFA conta com essa mobiliza\u00e7\u00e3o! Para refinar a investiga\u00e7\u00e3o, a autarquia realizou uma \u00a0reavalia\u00e7\u00e3o dos itens dos question\u00e1rios de 2015, que foram atualizados e complementados. Um trabalho minucioso, que seguiu os direcionamentos do Plano de Atualiza\u00e7\u00e3o dos Question\u00e1rios e adequa\u00e7\u00f5es, conforme os resultados das Entrevistas em Profundidade, Reuni\u00f5es de Grupo e reavalia\u00e7\u00f5es do CFA.<\/p>\n<p><br \/>T\u00f3picos<\/p>\n<p><br \/>S\u00e3o quest\u00f5es sobre a forma\u00e7\u00e3o acad\u00eamica, perfil da organiza\u00e7\u00e3o onde o profissional atual, condi\u00e7\u00f5es de empregabilidade ou desemprego, caracter\u00edsticas como compet\u00eancias e habilidades pessoais, contribui\u00e7\u00f5es do Sistema CFA\/CRAs, dados pessoais e outros assuntos gerais.<\/p>\n<p><br \/>Docentes responder\u00e3o sobre a forma\u00e7\u00e3o que possuem, as atividades acad\u00eamicas e as profissionais j\u00e1 realizadas e quais os aspectos pedag\u00f3gicos est\u00e3o envolvidos na atividade desempenhada como docente.<\/p>\n<p>As perguntas sobre EAD foram reformuladas, para abordar as diferentes modalidades do Ensino a Dist\u00e2ncia: s\u00edncrono, ass\u00edncrono e misto. Tamb\u00e9m foram inclu\u00eddos t\u00f3picos referentes \u00e0 pandemia da Covid-19 e seus reflexos no trabalho, emprego e no contexto psicol\u00f3gico.<\/p>\n<p><br \/>Identidade<\/p>\n<p><br \/>A Pesquisa Nacional \u00e9 realizada a pedido do CFA pela Funda\u00e7\u00e3o Instituto de Administra\u00e7\u00e3o (FIA). Uma a\u00e7\u00e3o importante para a constru\u00e7\u00e3o da identidade profissional e que permite o cumprimento da miss\u00e3o do Sistema CFA\/CRAs de valoriza\u00e7\u00e3o da profiss\u00e3o do Administrador.<\/p>\n<p><br \/>Por meio desse raio-x feito em cada localidade, ser\u00e1 poss\u00edvel conhecer as exig\u00eancias do mercado de trabalho e como as Institui\u00e7\u00f5es de Ensino Superior devem preparar os futuros profissionais nos cursos de Administra\u00e7\u00e3o.<\/p>\n<p><br \/>Com base nos dados apurados, o Sistema ter\u00e1 subs\u00eddios para orientar e situar os profissionais de Administra\u00e7\u00e3o em \u00e1reas espec\u00edficas das organiza\u00e7\u00f5es e sinalizar oportunidades nos setores da economia nacional.<\/p>\n<p><br \/>Participe!\u00a0<br \/>\u00a0<br \/>Patr\u00edcia Portales<br \/>Assessoria de Comunica\u00e7\u00e3o do CFA.<\/p>\n<button class=\"simplefavorite-button\" data-postid=\"65760\" data-siteid=\"1\" data-groupid=\"1\" data-favoritecount=\"0\" style=\"\">Favorite <i class=\"sf-icon-star-empty\"><\/i><\/button>","protected":false},"excerpt":{"rendered":"<p>A Pesquisa Nacional Perfil, Forma\u00e7\u00e3o, Atua\u00e7\u00e3o e Oportunidades de Trabalho dos Profissionais de Administra\u00e7\u00e3o j\u00e1 est\u00e1 na segunda etapa do cronograma, com a\u00e7\u00f5es realizadas totalmente online. E mar\u00e7o \u00e9 o m\u00eas da coleta de dados. Nesta fase, profissionais de Administra\u00e7\u00e3o, professores e coordenadores de cursos de Administra\u00e7\u00e3o, empreendedores e empres\u00e1rios que contratam esses profissionais, ser\u00e3o<a class=\"read-more\" href=\"https:\/\/crarn.org.br\/?p=65760\"> [&hellip;]<\/a><\/p>\n","protected":false},"author":26,"featured_media":65761,"comment_status":"closed","ping_status":"open","sticky":true,"template":"","format":"standard","meta":{"_price":"","_stock":"","_tribe_ticket_header":"","_tribe_default_ticket_provider":"","_tribe_ticket_capacity":"0","_ticket_start_date":"","_ticket_end_date":"","_tribe_ticket_show_description":"","_tribe_ticket_show_not_going":false,"_tribe_ticket_use_global_stock":"","_tribe_ticket_global_stock_level":"","_global_stock_mode":"","_global_stock_cap":"","_tribe_rsvp_for_event":"","_tribe_ticket_going_count":"","_tribe_ticket_not_going_count":"","_tribe_tickets_list":"[]","_tribe_ticket_has_attendee_info_fields":false,"footnotes":"","_links_to":"","_links_to_target":""},"categories":[549,426,310,320,399,309],"tags":[],"class_list":["post-65760","post","type-post","status-publish","format-standard","has-post-thumbnail","hentry","category-ano-2023","category-cfa","category-destaque-grande","category-home","category-institucional","category-ultimas-noticias","entry","has-media"],"_links":{"self":[{"href":"https:\/\/crarn.org.br\/index.php?rest_route=\/wp\/v2\/posts\/65760","targetHints":{"allow":["GET"]}}],"collection":[{"href":"https:\/\/crarn.org.br\/index.php?rest_route=\/wp\/v2\/posts"}],"about":[{"href":"https:\/\/crarn.org.br\/index.php?rest_route=\/wp\/v2\/types\/post"}],"author":[{"embeddable":true,"href":"https:\/\/crarn.org.br\/index.php?rest_route=\/wp\/v2\/users\/26"}],"replies":[{"embeddable":true,"href":"https:\/\/crarn.org.br\/index.php?rest_route=%2Fwp%2Fv2%2Fcomments&post=65760"}],"version-history":[{"count":1,"href":"https:\/\/crarn.org.br\/index.php?rest_route=\/wp\/v2\/posts\/65760\/revisions"}],"predecessor-version":[{"id":65762,"href":"https:\/\/crarn.org.br\/index.php?rest_route=\/wp\/v2\/posts\/65760\/revisions\/65762"}],"wp:featuredmedia":[{"embeddable":true,"href":"https:\/\/crarn.org.br\/index.php?rest_route=\/wp\/v2\/media\/65761"}],"wp:attachment":[{"href":"https:\/\/crarn.org.br\/index.php?rest_route=%2Fwp%2Fv2%2Fmedia&parent=65760"}],"wp:term":[{"taxonomy":"category","embeddable":true,"href":"https:\/\/crarn.org.br\/index.php?rest_route=%2Fwp%2Fv2%2Fcategories&post=65760"},{"taxonomy":"post_tag","embeddable":true,"href":"https:\/\/crarn.org.br\/index.php?rest_route=%2Fwp%2Fv2%2Ftags&post=65760"}],"curies":[{"name":"wp","href":"https:\/\/api.w.org\/{rel}","templated":true}]}}