{"id":65741,"date":"2023-03-06T16:59:05","date_gmt":"2023-03-06T19:59:05","guid":{"rendered":"https:\/\/crarn.org.br\/?p=65741"},"modified":"2023-03-06T16:59:07","modified_gmt":"2023-03-06T19:59:07","slug":"adm-mulher-promove-live-especial-dia-08-de-marco","status":"publish","type":"post","link":"https:\/\/crarn.org.br\/?p=65741","title":{"rendered":"ADM Mulher promove live especial dia 08 de mar\u00e7o"},"content":{"rendered":"\n<p>A comiss\u00e3o das Mulheres Profissionais de Administra\u00e7\u00e3o do CFA, em parceria com comiss\u00f5es regionais, entre elas a do CRA-RN, promovem uma live no Dia Internacional da Mulher sobre a \u201cAtua\u00e7\u00e3o das Mulheres no Mundo dos Neg\u00f3cios\u201d.<\/p>\n<p><br \/>O tema promove o debate sobre a import\u00e2ncia da participa\u00e7\u00e3o feminina no mercado profissional e no mundo dos neg\u00f3cios, valorizando as suas habilidades comportamentais no ambiente corporativo, de forma a ampliar as oportunidades para as mulheres profissionais de Administra\u00e7\u00e3o.<\/p>\n<p><br \/>A fundadora e presidente do Clube de Mulheres de Neg\u00f3cios de Portugal, Rijarda Arist\u00f3teles, ser\u00e1 a respons\u00e1vel pelo tema e a ex-presidente do CRA-RN e ex-conselheira federal pelo RN, Adm. Ione Sal\u00e9m, participa do debate.<\/p>\n<p><br \/>Marque na agenda: Dia 8\/03, \u00e0s 16h, ao vivo pelo CFAPlay.org.br.<\/p>\n<button class=\"simplefavorite-button\" data-postid=\"65741\" data-siteid=\"1\" data-groupid=\"1\" data-favoritecount=\"0\" style=\"\">Favorite <i class=\"sf-icon-star-empty\"><\/i><\/button>","protected":false},"excerpt":{"rendered":"<p>A comiss\u00e3o das Mulheres Profissionais de Administra\u00e7\u00e3o do CFA, em parceria com comiss\u00f5es regionais, entre elas a do CRA-RN, promovem uma live no Dia Internacional da Mulher sobre a \u201cAtua\u00e7\u00e3o das Mulheres no Mundo dos Neg\u00f3cios\u201d. O tema promove o debate sobre a import\u00e2ncia da participa\u00e7\u00e3o feminina no mercado profissional e no mundo dos neg\u00f3cios,<a class=\"read-more\" href=\"https:\/\/crarn.org.br\/?p=65741\"> [&hellip;]<\/a><\/p>\n","protected":false},"author":26,"featured_media":65742,"comment_status":"closed","ping_status":"open","sticky":true,"template":"","format":"standard","meta":{"_price":"","_stock":"","_tribe_ticket_header":"","_tribe_default_ticket_provider":"","_tribe_ticket_capacity":"0","_ticket_start_date":"","_ticket_end_date":"","_tribe_ticket_show_description":"","_tribe_ticket_show_not_going":false,"_tribe_ticket_use_global_stock":"","_tribe_ticket_global_stock_level":"","_global_stock_mode":"","_global_stock_cap":"","_tribe_rsvp_for_event":"","_tribe_ticket_going_count":"","_tribe_ticket_not_going_count":"","_tribe_tickets_list":"[]","_tribe_ticket_has_attendee_info_fields":false,"footnotes":"","_links_to":"","_links_to_target":""},"categories":[549,310,320,399,309],"tags":[],"class_list":["post-65741","post","type-post","status-publish","format-standard","has-post-thumbnail","hentry","category-ano-2023","category-destaque-grande","category-home","category-institucional","category-ultimas-noticias","entry","has-media"],"_links":{"self":[{"href":"https:\/\/crarn.org.br\/index.php?rest_route=\/wp\/v2\/posts\/65741","targetHints":{"allow":["GET"]}}],"collection":[{"href":"https:\/\/crarn.org.br\/index.php?rest_route=\/wp\/v2\/posts"}],"about":[{"href":"https:\/\/crarn.org.br\/index.php?rest_route=\/wp\/v2\/types\/post"}],"author":[{"embeddable":true,"href":"https:\/\/crarn.org.br\/index.php?rest_route=\/wp\/v2\/users\/26"}],"replies":[{"embeddable":true,"href":"https:\/\/crarn.org.br\/index.php?rest_route=%2Fwp%2Fv2%2Fcomments&post=65741"}],"version-history":[{"count":1,"href":"https:\/\/crarn.org.br\/index.php?rest_route=\/wp\/v2\/posts\/65741\/revisions"}],"predecessor-version":[{"id":65743,"href":"https:\/\/crarn.org.br\/index.php?rest_route=\/wp\/v2\/posts\/65741\/revisions\/65743"}],"wp:featuredmedia":[{"embeddable":true,"href":"https:\/\/crarn.org.br\/index.php?rest_route=\/wp\/v2\/media\/65742"}],"wp:attachment":[{"href":"https:\/\/crarn.org.br\/index.php?rest_route=%2Fwp%2Fv2%2Fmedia&parent=65741"}],"wp:term":[{"taxonomy":"category","embeddable":true,"href":"https:\/\/crarn.org.br\/index.php?rest_route=%2Fwp%2Fv2%2Fcategories&post=65741"},{"taxonomy":"post_tag","embeddable":true,"href":"https:\/\/crarn.org.br\/index.php?rest_route=%2Fwp%2Fv2%2Ftags&post=65741"}],"curies":[{"name":"wp","href":"https:\/\/api.w.org\/{rel}","templated":true}]}}