{"id":65724,"date":"2023-03-01T16:26:57","date_gmt":"2023-03-01T19:26:57","guid":{"rendered":"https:\/\/crarn.org.br\/?p=65724"},"modified":"2023-03-01T16:26:59","modified_gmt":"2023-03-01T19:26:59","slug":"cra-rn-vai-ate-os-estudantes-de-administracao","status":"publish","type":"post","link":"https:\/\/crarn.org.br\/?p=65724","title":{"rendered":"CRA-RN vai at\u00e9 os estudantes de administra\u00e7\u00e3o"},"content":{"rendered":"\n<p>Na \u00faltima sexta-feira (24\/02), o presidente do CRA-RN, Adm. Fl\u00e1vio Em\u00edlio Cavalcanti, esteve em Mossor\u00f3, juntamente com a diretora de Forma\u00e7\u00e3o Profissional, Adm. Isabella Mendon\u00e7a.<\/p>\n<p>Durante a perman\u00eancia na cidade, fizeram visitas a tr\u00eas Institui\u00e7\u00f5es de Ensino Superior com o objetivo de divulgar o Conselho e o trabalho que vem sendo desenvolvido em prol da valoriza\u00e7\u00e3o da profiss\u00e3o.<\/p>\n<p>O presidente esteve com os alunos da Uninassau Mossor\u00f3, e, juntamente com a diretora de Forma\u00e7\u00e3o Profissional, visitaram tamb\u00e9m a Universidade Potiguar e a Faculdade Cat\u00f3lica do RN.<\/p>\n<p>Nas tr\u00eas institui\u00e7\u00f5es, os representantes do CRA-RN, falaram aos alunos sobre o Conselho, a import\u00e2ncia do registro profissional, o funcionamento da fiscaliza\u00e7\u00e3o e o projeto CRA Jovem, que permite o registro de estudantes da \u00e1rea de administra\u00e7\u00e3o.<\/p>\n<button class=\"simplefavorite-button\" data-postid=\"65724\" data-siteid=\"1\" data-groupid=\"1\" data-favoritecount=\"0\" style=\"\">Favorite <i class=\"sf-icon-star-empty\"><\/i><\/button>","protected":false},"excerpt":{"rendered":"<p>Na \u00faltima sexta-feira (24\/02), o presidente do CRA-RN, Adm. Fl\u00e1vio Em\u00edlio Cavalcanti, esteve em Mossor\u00f3, juntamente com a diretora de Forma\u00e7\u00e3o Profissional, Adm. Isabella Mendon\u00e7a. Durante a perman\u00eancia na cidade, fizeram visitas a tr\u00eas Institui\u00e7\u00f5es de Ensino Superior com o objetivo de divulgar o Conselho e o trabalho que vem sendo desenvolvido em prol da<a class=\"read-more\" href=\"https:\/\/crarn.org.br\/?p=65724\"> [&hellip;]<\/a><\/p>\n","protected":false},"author":26,"featured_media":65726,"comment_status":"closed","ping_status":"open","sticky":true,"template":"","format":"standard","meta":{"_price":"","_stock":"","_tribe_ticket_header":"","_tribe_default_ticket_provider":"","_tribe_ticket_capacity":"0","_ticket_start_date":"","_ticket_end_date":"","_tribe_ticket_show_description":"","_tribe_ticket_show_not_going":false,"_tribe_ticket_use_global_stock":"","_tribe_ticket_global_stock_level":"","_global_stock_mode":"","_global_stock_cap":"","_tribe_rsvp_for_event":"","_tribe_ticket_going_count":"","_tribe_ticket_not_going_count":"","_tribe_tickets_list":"[]","_tribe_ticket_has_attendee_info_fields":false,"footnotes":"","_links_to":"","_links_to_target":""},"categories":[549,310,320,399,309],"tags":[],"class_list":["post-65724","post","type-post","status-publish","format-standard","has-post-thumbnail","hentry","category-ano-2023","category-destaque-grande","category-home","category-institucional","category-ultimas-noticias","entry","has-media"],"_links":{"self":[{"href":"https:\/\/crarn.org.br\/index.php?rest_route=\/wp\/v2\/posts\/65724","targetHints":{"allow":["GET"]}}],"collection":[{"href":"https:\/\/crarn.org.br\/index.php?rest_route=\/wp\/v2\/posts"}],"about":[{"href":"https:\/\/crarn.org.br\/index.php?rest_route=\/wp\/v2\/types\/post"}],"author":[{"embeddable":true,"href":"https:\/\/crarn.org.br\/index.php?rest_route=\/wp\/v2\/users\/26"}],"replies":[{"embeddable":true,"href":"https:\/\/crarn.org.br\/index.php?rest_route=%2Fwp%2Fv2%2Fcomments&post=65724"}],"version-history":[{"count":1,"href":"https:\/\/crarn.org.br\/index.php?rest_route=\/wp\/v2\/posts\/65724\/revisions"}],"predecessor-version":[{"id":65727,"href":"https:\/\/crarn.org.br\/index.php?rest_route=\/wp\/v2\/posts\/65724\/revisions\/65727"}],"wp:featuredmedia":[{"embeddable":true,"href":"https:\/\/crarn.org.br\/index.php?rest_route=\/wp\/v2\/media\/65726"}],"wp:attachment":[{"href":"https:\/\/crarn.org.br\/index.php?rest_route=%2Fwp%2Fv2%2Fmedia&parent=65724"}],"wp:term":[{"taxonomy":"category","embeddable":true,"href":"https:\/\/crarn.org.br\/index.php?rest_route=%2Fwp%2Fv2%2Fcategories&post=65724"},{"taxonomy":"post_tag","embeddable":true,"href":"https:\/\/crarn.org.br\/index.php?rest_route=%2Fwp%2Fv2%2Ftags&post=65724"}],"curies":[{"name":"wp","href":"https:\/\/api.w.org\/{rel}","templated":true}]}}