{"id":65721,"date":"2023-02-27T12:19:53","date_gmt":"2023-02-27T15:19:53","guid":{"rendered":"https:\/\/crarn.org.br\/?p=65721"},"modified":"2023-02-27T12:19:56","modified_gmt":"2023-02-27T15:19:56","slug":"stj-reconhece-que-gestao-empresarial-e-area-privativa-da-administracao","status":"publish","type":"post","link":"https:\/\/crarn.org.br\/?p=65721","title":{"rendered":"STJ reconhece que Gest\u00e3o Empresarial \u00e9 \u00e1rea privativa da Administra\u00e7\u00e3o"},"content":{"rendered":"\n<p>A Fiscaliza\u00e7\u00e3o do Conselho Regional de Administra\u00e7\u00e3o de S\u00e3o Paulo (CRA-SP) alcan\u00e7ou mais uma vit\u00f3ria no Poder Judici\u00e1rio. Dessa vez, o caso envolveu uma empresa de gest\u00e3o empresarial que tentou cancelar o registro no Regional.<\/p>\n<p>Para tanto, a empresa em quest\u00e3o moveu a\u00e7\u00e3o contra o CRA-SP. Na ocasi\u00e3o, ela pleiteou n\u00e3o s\u00f3 o cancelamento do registro, como tamb\u00e9m a exclus\u00e3o dos d\u00e9bitos. A empresa venceu a a\u00e7\u00e3o em primeira inst\u00e2ncia, mas o Regional recorreu da decis\u00e3o.<\/p>\n<p>O Regional provou que a empresa exerce atividade privativa de administrador e, portanto, teve sua apela\u00e7\u00e3o provida. Ainda insatisfeita com o resultado do judici\u00e1rio, a empresa op\u00f4s embargos de declara\u00e7\u00e3o, alegando que houve v\u00edcio no ac\u00f3rd\u00e3o da apela\u00e7\u00e3o interposta pelo CRA-SP.<\/p>\n<p>Os embargos foram rejeitados e a empresa recorreu ao Superior Tribunal de Justi\u00e7a (STJ). Contudo, a corte reiterou o entendimento do Tribunal Regional Federal da 3\u00aa Regi\u00e3o: a principal atividade exercida pela empresa \u00e9 privativa da \u00e1rea da Administra\u00e7\u00e3o. Portanto, o registro no CRA-SP \u00e9 obrigat\u00f3rio.<\/p>\n<p>\u201cA vit\u00f3ria da Fiscaliza\u00e7\u00e3o do CRA-SP foi muito celebrada pelo Sistema CFA\/CRAs, pois a decis\u00e3o da corte superior reconhece a que as atividades de assessoria, consultoria, orienta\u00e7\u00e3o e assist\u00eancia operacional para gest\u00e3o empresarial e de neg\u00f3cios, bem como servi\u00e7os de apoio administrativo, contratos, organiza\u00e7\u00e3o e planejamento prestados a empresas s\u00e3o fun\u00e7\u00f5es t\u00edpicas de um Administrador\u201d, explica o diretor de Fiscaliza\u00e7\u00e3o e Registro do Conselho Federal de Administra\u00e7\u00e3o (CFA), Adm. S\u00e9rgio Jos\u00e9 Rauber.<\/p>\n<p>Jurisprud\u00eancia<\/p>\n<p>O CFA, por meio da C\u00e2mara de Fiscaliza\u00e7\u00e3o e Registro, divulga no site as jurisprud\u00eancias com as decis\u00f5es judiciais favor\u00e1veis \u00e0 profiss\u00e3o. O interessado pode se cadastrar e receber decis\u00f5es de interesse do Sistema CFA\/CRAs, como \u201cConsultoria e Assessoria em Gest\u00e3o Empresarial\u201d, \u201cAdministra\u00e7\u00e3o de Condom\u00ednios\u201d, \u201cEmbara\u00e7o a Fiscaliza\u00e7\u00e3o\/Sonega\u00e7\u00e3o de Informa\u00e7\u00f5es e Documentos\u201d, \u201cCargos Pertinentes ao Administrador\u201d, entre outras.<\/p>\n<p><a href=\"https:\/\/cfa.org.br\/fiscalizacao-fiscalizacao\/jurisprudencias\/\"><span style=\"font-style: inherit;\">Clique aqui\u00a0<\/span><\/a>e confira.<\/p>\n<p>\u00a0<\/p>\n<p>Ana Graciele Gon\u00e7alves<\/p>\n<p>Assessoria de Comunica\u00e7\u00e3o CFA<\/p>\n<button class=\"simplefavorite-button\" data-postid=\"65721\" data-siteid=\"1\" data-groupid=\"1\" data-favoritecount=\"0\" style=\"\">Favorite <i class=\"sf-icon-star-empty\"><\/i><\/button>","protected":false},"excerpt":{"rendered":"<p>A Fiscaliza\u00e7\u00e3o do Conselho Regional de Administra\u00e7\u00e3o de S\u00e3o Paulo (CRA-SP) alcan\u00e7ou mais uma vit\u00f3ria no Poder Judici\u00e1rio. Dessa vez, o caso envolveu uma empresa de gest\u00e3o empresarial que tentou cancelar o registro no Regional. Para tanto, a empresa em quest\u00e3o moveu a\u00e7\u00e3o contra o CRA-SP. Na ocasi\u00e3o, ela pleiteou n\u00e3o s\u00f3 o cancelamento do<a class=\"read-more\" href=\"https:\/\/crarn.org.br\/?p=65721\"> [&hellip;]<\/a><\/p>\n","protected":false},"author":26,"featured_media":65722,"comment_status":"closed","ping_status":"open","sticky":true,"template":"","format":"standard","meta":{"_price":"","_stock":"","_tribe_ticket_header":"","_tribe_default_ticket_provider":"","_tribe_ticket_capacity":"0","_ticket_start_date":"","_ticket_end_date":"","_tribe_ticket_show_description":"","_tribe_ticket_show_not_going":false,"_tribe_ticket_use_global_stock":"","_tribe_ticket_global_stock_level":"","_global_stock_mode":"","_global_stock_cap":"","_tribe_rsvp_for_event":"","_tribe_ticket_going_count":"","_tribe_ticket_not_going_count":"","_tribe_tickets_list":"[]","_tribe_ticket_has_attendee_info_fields":false,"footnotes":"","_links_to":"","_links_to_target":""},"categories":[549,426,312,320,309],"tags":[],"class_list":["post-65721","post","type-post","status-publish","format-standard","has-post-thumbnail","hentry","category-ano-2023","category-cfa","category-destaque-pequeno-inferior","category-home","category-ultimas-noticias","entry","has-media"],"_links":{"self":[{"href":"https:\/\/crarn.org.br\/index.php?rest_route=\/wp\/v2\/posts\/65721","targetHints":{"allow":["GET"]}}],"collection":[{"href":"https:\/\/crarn.org.br\/index.php?rest_route=\/wp\/v2\/posts"}],"about":[{"href":"https:\/\/crarn.org.br\/index.php?rest_route=\/wp\/v2\/types\/post"}],"author":[{"embeddable":true,"href":"https:\/\/crarn.org.br\/index.php?rest_route=\/wp\/v2\/users\/26"}],"replies":[{"embeddable":true,"href":"https:\/\/crarn.org.br\/index.php?rest_route=%2Fwp%2Fv2%2Fcomments&post=65721"}],"version-history":[{"count":1,"href":"https:\/\/crarn.org.br\/index.php?rest_route=\/wp\/v2\/posts\/65721\/revisions"}],"predecessor-version":[{"id":65723,"href":"https:\/\/crarn.org.br\/index.php?rest_route=\/wp\/v2\/posts\/65721\/revisions\/65723"}],"wp:featuredmedia":[{"embeddable":true,"href":"https:\/\/crarn.org.br\/index.php?rest_route=\/wp\/v2\/media\/65722"}],"wp:attachment":[{"href":"https:\/\/crarn.org.br\/index.php?rest_route=%2Fwp%2Fv2%2Fmedia&parent=65721"}],"wp:term":[{"taxonomy":"category","embeddable":true,"href":"https:\/\/crarn.org.br\/index.php?rest_route=%2Fwp%2Fv2%2Fcategories&post=65721"},{"taxonomy":"post_tag","embeddable":true,"href":"https:\/\/crarn.org.br\/index.php?rest_route=%2Fwp%2Fv2%2Ftags&post=65721"}],"curies":[{"name":"wp","href":"https:\/\/api.w.org\/{rel}","templated":true}]}}