{"id":65710,"date":"2023-02-23T16:25:50","date_gmt":"2023-02-23T19:25:50","guid":{"rendered":"https:\/\/crarn.org.br\/?p=65710"},"modified":"2023-02-23T16:25:54","modified_gmt":"2023-02-23T19:25:54","slug":"conheca-as-acoes-do-cra-rn-em-2022","status":"publish","type":"post","link":"https:\/\/crarn.org.br\/?p=65710","title":{"rendered":"Conhe\u00e7a as a\u00e7\u00f5es do CRA-RN em 2022"},"content":{"rendered":"\n<p>Durante todo o ano de 2022 o CRA-RN esteve atuante, cumprindo a sua miss\u00e3o como \u00f3rg\u00e3o fiscalizador do exerc\u00edcio da profiss\u00e3o de administrador, buscando a valoriza\u00e7\u00e3o da categoria, assegurando a legalidade na atua\u00e7\u00e3o profissional, bem como zelando pelo espa\u00e7o dos profissionais e empresas junto ao mercado.<\/p>\n<p>Entre as principais a\u00e7\u00f5es enumeradas no Relat\u00f3rio de Gest\u00e3o deste per\u00edodo, merecem destaque:<\/p>\n<p>\u2013 Inova\u00e7\u00e3o na forma de cobran\u00e7a que reduziu a inadimpl\u00eancia;<\/p>\n<p>\u2013 Moderniza\u00e7\u00e3o do parque tecnol\u00f3gico com loca\u00e7\u00e3o de equipamentos de inform\u00e1tica;<\/p>\n<p>\u2013 Divulga\u00e7\u00e3o do IGM- CFA e as possiblidades que proporciona para o gestor p\u00fablico, em v\u00e1rios munic\u00edpios do RN;<\/p>\n<p>\u2013 Lan\u00e7amento do Programa CRA Jovem, na capital e interior do RN;<\/p>\n<p>\u2013 Realiza\u00e7\u00e3o do I Encontro de Representantes do CRA-RN;<\/p>\n<p>\u2013 Promo\u00e7\u00e3o de v\u00e1rias atividades em Comemora\u00e7\u00e3o pelo Dia do Profissional de Administra\u00e7\u00e3o;<\/p>\n<p>\u2013 Fiscaliza\u00e7\u00e3o de empresas prestadoras de servi\u00e7os com foco em Consultoria em Gest\u00e3o Empresarial, Administra\u00e7\u00e3o de Condom\u00ednios, Terceiriza\u00e7\u00e3o de M\u00e3o de Obra e Treinamento e Desenvolvimento Profissional e Gerencial;<\/p>\n<p>\u2013 Fiscaliza\u00e7\u00e3o de Empregadoras;<\/p>\n<p>\u2013 Cobran\u00e7a Administrativa de empresas inadimplentes;<\/p>\n<p>\u2013 Orienta\u00e7\u00e3o e Sensibiliza\u00e7\u00e3o do campo privativo do Administrador junto \u00e0s CPLs da capital e interior do RN;<\/p>\n<p>\u2013 Fiscaliza\u00e7\u00e3o de Editais de Licita\u00e7\u00e3o e de Concurso P\u00fablico;<\/p>\n<p>\u2013 Dezoito editais de licita\u00e7\u00e3o impugnados;<\/p>\n<p>\u2013 Curso de Responsabilidade T\u00e9cnica para forma\u00e7\u00e3o de profissionais registrados;<\/p>\n<p>\u2013 Implanta\u00e7\u00e3o do Al\u00f4 Fiscal;<\/p>\n<p>\u2013 Abertura de noventa novos processos contra empresas prestadoras de servi\u00e7os e quarenta novos registros de empresas;<\/p>\n<p>\u2013 Realiza\u00e7\u00e3o de edi\u00e7\u00f5es mensais do Projeto Desenvolve ADM, com palestras de profissionais representativos e temas de interesse dos profissionais;<\/p>\n<p>\u2013 Realiza\u00e7\u00e3o do Projeto Mobiliza ADM em munic\u00edpios do interior do RN.<\/p>\n<button class=\"simplefavorite-button\" data-postid=\"65710\" data-siteid=\"1\" data-groupid=\"1\" data-favoritecount=\"0\" style=\"\">Favorite <i class=\"sf-icon-star-empty\"><\/i><\/button>","protected":false},"excerpt":{"rendered":"<p>Durante todo o ano de 2022 o CRA-RN esteve atuante, cumprindo a sua miss\u00e3o como \u00f3rg\u00e3o fiscalizador do exerc\u00edcio da profiss\u00e3o de administrador, buscando a valoriza\u00e7\u00e3o da categoria, assegurando a legalidade na atua\u00e7\u00e3o profissional, bem como zelando pelo espa\u00e7o dos profissionais e empresas junto ao mercado. Entre as principais a\u00e7\u00f5es enumeradas no Relat\u00f3rio de Gest\u00e3o<a class=\"read-more\" href=\"https:\/\/crarn.org.br\/?p=65710\"> [&hellip;]<\/a><\/p>\n","protected":false},"author":26,"featured_media":65711,"comment_status":"closed","ping_status":"open","sticky":true,"template":"","format":"standard","meta":{"_price":"","_stock":"","_tribe_ticket_header":"","_tribe_default_ticket_provider":"","_tribe_ticket_capacity":"0","_ticket_start_date":"","_ticket_end_date":"","_tribe_ticket_show_description":"","_tribe_ticket_show_not_going":false,"_tribe_ticket_use_global_stock":"","_tribe_ticket_global_stock_level":"","_global_stock_mode":"","_global_stock_cap":"","_tribe_rsvp_for_event":"","_tribe_ticket_going_count":"","_tribe_ticket_not_going_count":"","_tribe_tickets_list":"[]","_tribe_ticket_has_attendee_info_fields":false,"footnotes":"","_links_to":"","_links_to_target":""},"categories":[549,320,399,309],"tags":[],"class_list":["post-65710","post","type-post","status-publish","format-standard","has-post-thumbnail","hentry","category-ano-2023","category-home","category-institucional","category-ultimas-noticias","entry","has-media"],"_links":{"self":[{"href":"https:\/\/crarn.org.br\/index.php?rest_route=\/wp\/v2\/posts\/65710","targetHints":{"allow":["GET"]}}],"collection":[{"href":"https:\/\/crarn.org.br\/index.php?rest_route=\/wp\/v2\/posts"}],"about":[{"href":"https:\/\/crarn.org.br\/index.php?rest_route=\/wp\/v2\/types\/post"}],"author":[{"embeddable":true,"href":"https:\/\/crarn.org.br\/index.php?rest_route=\/wp\/v2\/users\/26"}],"replies":[{"embeddable":true,"href":"https:\/\/crarn.org.br\/index.php?rest_route=%2Fwp%2Fv2%2Fcomments&post=65710"}],"version-history":[{"count":1,"href":"https:\/\/crarn.org.br\/index.php?rest_route=\/wp\/v2\/posts\/65710\/revisions"}],"predecessor-version":[{"id":65712,"href":"https:\/\/crarn.org.br\/index.php?rest_route=\/wp\/v2\/posts\/65710\/revisions\/65712"}],"wp:featuredmedia":[{"embeddable":true,"href":"https:\/\/crarn.org.br\/index.php?rest_route=\/wp\/v2\/media\/65711"}],"wp:attachment":[{"href":"https:\/\/crarn.org.br\/index.php?rest_route=%2Fwp%2Fv2%2Fmedia&parent=65710"}],"wp:term":[{"taxonomy":"category","embeddable":true,"href":"https:\/\/crarn.org.br\/index.php?rest_route=%2Fwp%2Fv2%2Fcategories&post=65710"},{"taxonomy":"post_tag","embeddable":true,"href":"https:\/\/crarn.org.br\/index.php?rest_route=%2Fwp%2Fv2%2Ftags&post=65710"}],"curies":[{"name":"wp","href":"https:\/\/api.w.org\/{rel}","templated":true}]}}