{"id":65694,"date":"2023-02-13T12:37:38","date_gmt":"2023-02-13T15:37:38","guid":{"rendered":"https:\/\/crarn.org.br\/?p=65694"},"modified":"2023-02-23T16:35:08","modified_gmt":"2023-02-23T19:35:08","slug":"radio-adm-ganha-site-mais-moderno-e-versatil","status":"publish","type":"post","link":"https:\/\/crarn.org.br\/?p=65694","title":{"rendered":"R\u00e1dio ADM ganha site mais moderno e vers\u00e1til"},"content":{"rendered":"\n<p>O site da R\u00e1dio ADM est\u00e1 de cara nova. Os apaixonados pelo mundo da Administra\u00e7\u00e3o v\u00e3o poder acompanhar todas as not\u00edcias do Sistema CFA\/CRAs, das tend\u00eancias do mercado, novidades do setor do empreendedorismo, inova\u00e7\u00e3o e demais assuntos, tudo com facilidade e dinamismo.<\/p>\n<p>O site da frequ\u00eancia azul do r\u00e1dio agora est\u00e1 em formato de portal de not\u00edcias. Ao acessar, voc\u00ea j\u00e1 tem acesso \u00e0s op\u00e7\u00f5es de acompanhar as not\u00edcias das abas ADM em Foco, Radioweb e os podcasts. Ao definir a \u00e1rea para ouvir o conte\u00fado a not\u00edcia tamb\u00e9m estar\u00e1 identificada com fotos para facilitar a compreens\u00e3o de todos.<\/p>\n<p>O ouvinte tamb\u00e9m ganhou mais praticidade para acompanhar a not\u00edcia desejada. O player ganhou novas fun\u00e7\u00f5es como acelerar o \u00e1udio, retornar, avan\u00e7ar, baixar e compartilhar. voc\u00ea vai ter a chance de conseguir acompanhar todos os nossos boletins e podcasts de uma maneira bem mais simples e pr\u00e1tica.<\/p>\n<p>A R\u00e1dio ADM traz em sua programa\u00e7\u00e3o mat\u00e9rias que intercalam temas de debate e avisos gerais sobre o CFA e CRAs, al\u00e9m de s\u00e9ries com temas focados em bem-estar social e carreira. Acesse agora mesmo www.radioadm.org.br.<\/p>\n<p>Para ficar por dentro das produ\u00e7\u00f5es, al\u00e9m do site oficial da r\u00e1dio, radioadm.org.br, os conte\u00fados tamb\u00e9m s\u00e3o disponibilizados no Spotify, Deezer, Podomatic e CFAPlay. Al\u00e9m disso, o aplicativo da R\u00e1dio ADM est\u00e1 dispon\u00edvel para download em todas as plataformas mobile. Dessa maneira, basta escolher o caminho de prefer\u00eancia e se manter atualizado, sem perder nenhum minuto da programa\u00e7\u00e3o que est\u00e1 no ar 24 horas por dia.<\/p>\n<p>\u00a0<\/p>\n<p>Rodrigo Miranda<\/p>\n<p>Assessoria de Comunica\u00e7\u00e3o CFA<\/p>\n<button class=\"simplefavorite-button\" data-postid=\"65694\" data-siteid=\"1\" data-groupid=\"1\" data-favoritecount=\"0\" style=\"\">Favorite <i class=\"sf-icon-star-empty\"><\/i><\/button>","protected":false},"excerpt":{"rendered":"<p>O site da R\u00e1dio ADM est\u00e1 de cara nova. Os apaixonados pelo mundo da Administra\u00e7\u00e3o v\u00e3o poder acompanhar todas as not\u00edcias do Sistema CFA\/CRAs, das tend\u00eancias do mercado, novidades do setor do empreendedorismo, inova\u00e7\u00e3o e demais assuntos, tudo com facilidade e dinamismo. O site da frequ\u00eancia azul do r\u00e1dio agora est\u00e1 em formato de portal<a class=\"read-more\" href=\"https:\/\/crarn.org.br\/?p=65694\"> [&hellip;]<\/a><\/p>\n","protected":false},"author":26,"featured_media":65695,"comment_status":"closed","ping_status":"open","sticky":true,"template":"","format":"standard","meta":{"_price":"","_stock":"","_tribe_ticket_header":"","_tribe_default_ticket_provider":"","_tribe_ticket_capacity":"0","_ticket_start_date":"","_ticket_end_date":"","_tribe_ticket_show_description":"","_tribe_ticket_show_not_going":false,"_tribe_ticket_use_global_stock":"","_tribe_ticket_global_stock_level":"","_global_stock_mode":"","_global_stock_cap":"","_tribe_rsvp_for_event":"","_tribe_ticket_going_count":"","_tribe_ticket_not_going_count":"","_tribe_tickets_list":"[]","_tribe_ticket_has_attendee_info_fields":false,"footnotes":"","_links_to":"","_links_to_target":""},"categories":[549,426,320,309],"tags":[],"class_list":["post-65694","post","type-post","status-publish","format-standard","has-post-thumbnail","hentry","category-ano-2023","category-cfa","category-home","category-ultimas-noticias","entry","has-media"],"_links":{"self":[{"href":"https:\/\/crarn.org.br\/index.php?rest_route=\/wp\/v2\/posts\/65694","targetHints":{"allow":["GET"]}}],"collection":[{"href":"https:\/\/crarn.org.br\/index.php?rest_route=\/wp\/v2\/posts"}],"about":[{"href":"https:\/\/crarn.org.br\/index.php?rest_route=\/wp\/v2\/types\/post"}],"author":[{"embeddable":true,"href":"https:\/\/crarn.org.br\/index.php?rest_route=\/wp\/v2\/users\/26"}],"replies":[{"embeddable":true,"href":"https:\/\/crarn.org.br\/index.php?rest_route=%2Fwp%2Fv2%2Fcomments&post=65694"}],"version-history":[{"count":1,"href":"https:\/\/crarn.org.br\/index.php?rest_route=\/wp\/v2\/posts\/65694\/revisions"}],"predecessor-version":[{"id":65696,"href":"https:\/\/crarn.org.br\/index.php?rest_route=\/wp\/v2\/posts\/65694\/revisions\/65696"}],"wp:featuredmedia":[{"embeddable":true,"href":"https:\/\/crarn.org.br\/index.php?rest_route=\/wp\/v2\/media\/65695"}],"wp:attachment":[{"href":"https:\/\/crarn.org.br\/index.php?rest_route=%2Fwp%2Fv2%2Fmedia&parent=65694"}],"wp:term":[{"taxonomy":"category","embeddable":true,"href":"https:\/\/crarn.org.br\/index.php?rest_route=%2Fwp%2Fv2%2Fcategories&post=65694"},{"taxonomy":"post_tag","embeddable":true,"href":"https:\/\/crarn.org.br\/index.php?rest_route=%2Fwp%2Fv2%2Ftags&post=65694"}],"curies":[{"name":"wp","href":"https:\/\/api.w.org\/{rel}","templated":true}]}}