{"id":65686,"date":"2023-02-10T12:46:48","date_gmt":"2023-02-10T15:46:48","guid":{"rendered":"https:\/\/crarn.org.br\/?p=65686"},"modified":"2023-02-10T12:46:51","modified_gmt":"2023-02-10T15:46:51","slug":"cra-rn-reune-diretoria-executiva","status":"publish","type":"post","link":"https:\/\/crarn.org.br\/?p=65686","title":{"rendered":"CRA-RN re\u00fane diretoria executiva"},"content":{"rendered":"\n<p>Na tarde desta quinta-feira (09\/02), a diretoria executiva do CRA-RN esteve reunida para deliberar sobre diversos assuntos relativos ao funcionamento do regional e \u00e0s a\u00e7\u00f5es que visam a valoriza\u00e7\u00e3o da Administra\u00e7\u00e3o e dos profissionais.<\/p>\n<p>A reuni\u00e3o \u2013 presencial \u2013 foi comandada pelo presidente, Adm. Fl\u00e1vio Em\u00edlio e contou com a participa\u00e7\u00e3o do vice-presidente, Adm. Cl\u00e1udio Bessa de Menezes; diretora Administrativa Financeira, Adm. C\u00e9lia Ribeiro; diretora de Fiscaliza\u00e7\u00e3o e Registro, Adm. Kate Maciel e a diretora de Forma\u00e7\u00e3o Profissional, Adm. Isabella Mendon\u00e7a.<\/p>\n<p>Entre os principais assuntos em pauta estavam a participa\u00e7\u00e3o no 1\u00ba F\u00f3rum de presidentes de 2023, em Bras\u00edlia; gest\u00e3o documental; forma\u00e7\u00e3o de comiss\u00f5es e representa\u00e7\u00f5es, subseccional Mossor\u00f3; estrat\u00e9gia de Marketing e Comunica\u00e7\u00e3o; campanhas de aumento de registro e de atualiza\u00e7\u00e3o cadastral; conscientiza\u00e7\u00e3o da nova pol\u00edtica de Editais; curso de Responsabilidade T\u00e9cnica; in\u00edcio do Projeto Desenvolve ADM 2023 e Dia Internacional da Mulher, al\u00e9m dos informes quanto \u00e0 posi\u00e7\u00e3o financeira de janeiro e as demais delibera\u00e7\u00f5es e encaminhamentos.<\/p>\n<p>\u00a0<\/p>\n<button class=\"simplefavorite-button\" data-postid=\"65686\" data-siteid=\"1\" data-groupid=\"1\" data-favoritecount=\"0\" style=\"\">Favorite <i class=\"sf-icon-star-empty\"><\/i><\/button>","protected":false},"excerpt":{"rendered":"<p>Na tarde desta quinta-feira (09\/02), a diretoria executiva do CRA-RN esteve reunida para deliberar sobre diversos assuntos relativos ao funcionamento do regional e \u00e0s a\u00e7\u00f5es que visam a valoriza\u00e7\u00e3o da Administra\u00e7\u00e3o e dos profissionais. A reuni\u00e3o \u2013 presencial \u2013 foi comandada pelo presidente, Adm. Fl\u00e1vio Em\u00edlio e contou com a participa\u00e7\u00e3o do vice-presidente, Adm. Cl\u00e1udio<a class=\"read-more\" href=\"https:\/\/crarn.org.br\/?p=65686\"> [&hellip;]<\/a><\/p>\n","protected":false},"author":26,"featured_media":65687,"comment_status":"closed","ping_status":"open","sticky":true,"template":"","format":"standard","meta":{"_price":"","_stock":"","_tribe_ticket_header":"","_tribe_default_ticket_provider":"","_tribe_ticket_capacity":"0","_ticket_start_date":"","_ticket_end_date":"","_tribe_ticket_show_description":"","_tribe_ticket_show_not_going":false,"_tribe_ticket_use_global_stock":"","_tribe_ticket_global_stock_level":"","_global_stock_mode":"","_global_stock_cap":"","_tribe_rsvp_for_event":"","_tribe_ticket_going_count":"","_tribe_ticket_not_going_count":"","_tribe_tickets_list":"[]","_tribe_ticket_has_attendee_info_fields":false,"footnotes":"","_links_to":"","_links_to_target":""},"categories":[549,312,320,399,309],"tags":[],"class_list":["post-65686","post","type-post","status-publish","format-standard","has-post-thumbnail","hentry","category-ano-2023","category-destaque-pequeno-inferior","category-home","category-institucional","category-ultimas-noticias","entry","has-media"],"_links":{"self":[{"href":"https:\/\/crarn.org.br\/index.php?rest_route=\/wp\/v2\/posts\/65686","targetHints":{"allow":["GET"]}}],"collection":[{"href":"https:\/\/crarn.org.br\/index.php?rest_route=\/wp\/v2\/posts"}],"about":[{"href":"https:\/\/crarn.org.br\/index.php?rest_route=\/wp\/v2\/types\/post"}],"author":[{"embeddable":true,"href":"https:\/\/crarn.org.br\/index.php?rest_route=\/wp\/v2\/users\/26"}],"replies":[{"embeddable":true,"href":"https:\/\/crarn.org.br\/index.php?rest_route=%2Fwp%2Fv2%2Fcomments&post=65686"}],"version-history":[{"count":1,"href":"https:\/\/crarn.org.br\/index.php?rest_route=\/wp\/v2\/posts\/65686\/revisions"}],"predecessor-version":[{"id":65688,"href":"https:\/\/crarn.org.br\/index.php?rest_route=\/wp\/v2\/posts\/65686\/revisions\/65688"}],"wp:featuredmedia":[{"embeddable":true,"href":"https:\/\/crarn.org.br\/index.php?rest_route=\/wp\/v2\/media\/65687"}],"wp:attachment":[{"href":"https:\/\/crarn.org.br\/index.php?rest_route=%2Fwp%2Fv2%2Fmedia&parent=65686"}],"wp:term":[{"taxonomy":"category","embeddable":true,"href":"https:\/\/crarn.org.br\/index.php?rest_route=%2Fwp%2Fv2%2Fcategories&post=65686"},{"taxonomy":"post_tag","embeddable":true,"href":"https:\/\/crarn.org.br\/index.php?rest_route=%2Fwp%2Fv2%2Ftags&post=65686"}],"curies":[{"name":"wp","href":"https:\/\/api.w.org\/{rel}","templated":true}]}}