{"id":65678,"date":"2023-02-03T15:51:52","date_gmt":"2023-02-03T18:51:52","guid":{"rendered":"https:\/\/crarn.org.br\/?p=65678"},"modified":"2023-02-03T15:51:55","modified_gmt":"2023-02-03T18:51:55","slug":"cra-rn-defende-registro-em-forum-conjunto-de-presidentes-do-sistema-cfa-cras","status":"publish","type":"post","link":"https:\/\/crarn.org.br\/?p=65678","title":{"rendered":"CRA-RN defende Registro em F\u00f3rum Conjunto de Presidentes do Sistema CFA\/CRAs"},"content":{"rendered":"\n<p>O presidente do Conselho Regional de Administra\u00e7\u00e3o do Rio Grande do Norte, Adm. Fl\u00e1vio Em\u00edlio Cavalcanti, compareceu nesta semana ao 1\u00ba F\u00f3rum Conjunto de Presidentes do Sistema CFA\/CRAs, em Bras\u00edlia. A reuni\u00e3o contou, tamb\u00e9m, com a participa\u00e7\u00e3o do Plen\u00e1rio do CFA.<\/p>\n<p>Um encontro importante para alinhar a\u00e7\u00f5es para os pr\u00f3ximos dois anos, como ressaltou o presidente regional. \u201c\u00c9 um novo ciclo de gest\u00e3o que se inicia com novo presidente do Conselho Federal e alguns novos presidentes regionais. E tem tamb\u00e9m quem est\u00e1 continuando uma gest\u00e3o bem-sucedida\u201d.<\/p>\n<p>Aos presentes, o presidente Fl\u00e1vio Em\u00edlio falou sobre o registro profissional no Conselho Regional e celebrou a integra\u00e7\u00e3o de todos em prol da valoriza\u00e7\u00e3o da profiss\u00e3o. \u201cNossas expectativas s\u00e3o altas e s\u00e3o as melhores, de que tenhamos um bi\u00eanio muito bom de resultados. E que isso se reflita, principalmente, para os nossos registrados, que est\u00e3o espalhados pelo Brasil\u201d, declarou o presidente.<\/p>\n<p>Junto aos presidentes dos demais 25 estados e do Distrito Federal, Fl\u00e1vio Em\u00edlio debateu propostas de inova\u00e7\u00e3o relativas \u00e0 profiss\u00e3o e ao Sistema e, tamb\u00e9m, a agenda de eventos prevista para o ano. Os detalhes, voc\u00ea pode conferir em<a href=\"http:\/\/cfa.org.br\"> cfa.org.br<\/a> ou no canal <a href=\"http:\/\/cfaplay.org.br\">cfaplay.org.br<\/a>.<\/p>\n<button class=\"simplefavorite-button\" data-postid=\"65678\" data-siteid=\"1\" data-groupid=\"1\" data-favoritecount=\"0\" style=\"\">Favorite <i class=\"sf-icon-star-empty\"><\/i><\/button>","protected":false},"excerpt":{"rendered":"<p>O presidente do Conselho Regional de Administra\u00e7\u00e3o do Rio Grande do Norte, Adm. Fl\u00e1vio Em\u00edlio Cavalcanti, compareceu nesta semana ao 1\u00ba F\u00f3rum Conjunto de Presidentes do Sistema CFA\/CRAs, em Bras\u00edlia. A reuni\u00e3o contou, tamb\u00e9m, com a participa\u00e7\u00e3o do Plen\u00e1rio do CFA. Um encontro importante para alinhar a\u00e7\u00f5es para os pr\u00f3ximos dois anos, como ressaltou o<a class=\"read-more\" href=\"https:\/\/crarn.org.br\/?p=65678\"> [&hellip;]<\/a><\/p>\n","protected":false},"author":26,"featured_media":65680,"comment_status":"closed","ping_status":"open","sticky":true,"template":"","format":"standard","meta":{"_price":"","_stock":"","_tribe_ticket_header":"","_tribe_default_ticket_provider":"","_tribe_ticket_capacity":"0","_ticket_start_date":"","_ticket_end_date":"","_tribe_ticket_show_description":"","_tribe_ticket_show_not_going":false,"_tribe_ticket_use_global_stock":"","_tribe_ticket_global_stock_level":"","_global_stock_mode":"","_global_stock_cap":"","_tribe_rsvp_for_event":"","_tribe_ticket_going_count":"","_tribe_ticket_not_going_count":"","_tribe_tickets_list":"[]","_tribe_ticket_has_attendee_info_fields":false,"footnotes":"","_links_to":"","_links_to_target":""},"categories":[549,311,320,399,309],"tags":[],"class_list":["post-65678","post","type-post","status-publish","format-standard","has-post-thumbnail","hentry","category-ano-2023","category-destaque-pequeno-superior","category-home","category-institucional","category-ultimas-noticias","entry","has-media"],"_links":{"self":[{"href":"https:\/\/crarn.org.br\/index.php?rest_route=\/wp\/v2\/posts\/65678","targetHints":{"allow":["GET"]}}],"collection":[{"href":"https:\/\/crarn.org.br\/index.php?rest_route=\/wp\/v2\/posts"}],"about":[{"href":"https:\/\/crarn.org.br\/index.php?rest_route=\/wp\/v2\/types\/post"}],"author":[{"embeddable":true,"href":"https:\/\/crarn.org.br\/index.php?rest_route=\/wp\/v2\/users\/26"}],"replies":[{"embeddable":true,"href":"https:\/\/crarn.org.br\/index.php?rest_route=%2Fwp%2Fv2%2Fcomments&post=65678"}],"version-history":[{"count":2,"href":"https:\/\/crarn.org.br\/index.php?rest_route=\/wp\/v2\/posts\/65678\/revisions"}],"predecessor-version":[{"id":65681,"href":"https:\/\/crarn.org.br\/index.php?rest_route=\/wp\/v2\/posts\/65678\/revisions\/65681"}],"wp:featuredmedia":[{"embeddable":true,"href":"https:\/\/crarn.org.br\/index.php?rest_route=\/wp\/v2\/media\/65680"}],"wp:attachment":[{"href":"https:\/\/crarn.org.br\/index.php?rest_route=%2Fwp%2Fv2%2Fmedia&parent=65678"}],"wp:term":[{"taxonomy":"category","embeddable":true,"href":"https:\/\/crarn.org.br\/index.php?rest_route=%2Fwp%2Fv2%2Fcategories&post=65678"},{"taxonomy":"post_tag","embeddable":true,"href":"https:\/\/crarn.org.br\/index.php?rest_route=%2Fwp%2Fv2%2Ftags&post=65678"}],"curies":[{"name":"wp","href":"https:\/\/api.w.org\/{rel}","templated":true}]}}