{"id":65675,"date":"2023-02-03T12:45:15","date_gmt":"2023-02-03T15:45:15","guid":{"rendered":"https:\/\/crarn.org.br\/?p=65675"},"modified":"2023-02-03T12:45:19","modified_gmt":"2023-02-03T15:45:19","slug":"diretoria-de-fiscalizacao-e-registro-define-estrategias-para-2023","status":"publish","type":"post","link":"https:\/\/crarn.org.br\/?p=65675","title":{"rendered":"Diretoria de Fiscaliza\u00e7\u00e3o e Registro define estrat\u00e9gias para 2023"},"content":{"rendered":"\n<p>Nesta quinta-feira (02\/02) a nova diretora de Fiscaliza\u00e7\u00e3o e Registro do CRA-RN, Adm. Kate Maciel, reuniu a equipe para tra\u00e7ar o plano de trabalho para 2023.<\/p>\n<p>Al\u00e9m da diretora, participaram presencialmente da reuni\u00e3o, a coordenadora de Registro, Suerda Maciel e a servidora do setor, Larissa Sousa, al\u00e9m do Administrador Fiscal, Adm. F\u00e1bio Ara\u00fajo e o assessor jur\u00eddico, Andr\u00e9 Medeiros. De forma remota, participaram a coordenadora de Fiscaliza\u00e7\u00e3o, Adm. Tatiana Costa Pinto e a servidora da subseccional de Mossor\u00f3, Adm. Nath\u00e1lia Rebou\u00e7as.<\/p>\n<p>Durante a reuni\u00e3o foram abordados diversos assuntos referentes aos dois setores, quando foi dado um direcionamento sobre as a\u00e7\u00f5es a serem desenvolvidas no atual exerc\u00edcio.<\/p>\n<p>Entre os principais temas est\u00e1 o Plano de Fiscaliza\u00e7\u00e3o para Pessoas F\u00edsicas e Pessoas Jur\u00eddicas. V\u00e1rios pontos de atua\u00e7\u00e3o tamb\u00e9m j\u00e1 foram definidos, como o foco em profissionais que exercem a profiss\u00e3o sem registro; empresas que exploram servi\u00e7os no campo da Administra\u00e7\u00e3o sem registro; empresas\u00a0 que atuam sem respons\u00e1veis t\u00e9cnicos; regulariza\u00e7\u00e3o de PJ e PF inadimplentes; incremento de novos registros; campanha de atualiza\u00e7\u00e3o cadastral; conscientiza\u00e7\u00e3o das comiss\u00f5es de licita\u00e7\u00e3o; alerta para editais e concursos quanto \u00e0 necessidade de registro no CRA e, ainda, cursos de atualiza\u00e7\u00e3o e preparat\u00f3rios para novos respons\u00e1veis t\u00e9cnicos.<\/p>\n<button class=\"simplefavorite-button\" data-postid=\"65675\" data-siteid=\"1\" data-groupid=\"1\" data-favoritecount=\"0\" style=\"\">Favorite <i class=\"sf-icon-star-empty\"><\/i><\/button>","protected":false},"excerpt":{"rendered":"<p>Nesta quinta-feira (02\/02) a nova diretora de Fiscaliza\u00e7\u00e3o e Registro do CRA-RN, Adm. Kate Maciel, reuniu a equipe para tra\u00e7ar o plano de trabalho para 2023. Al\u00e9m da diretora, participaram presencialmente da reuni\u00e3o, a coordenadora de Registro, Suerda Maciel e a servidora do setor, Larissa Sousa, al\u00e9m do Administrador Fiscal, Adm. F\u00e1bio Ara\u00fajo e o<a class=\"read-more\" href=\"https:\/\/crarn.org.br\/?p=65675\"> [&hellip;]<\/a><\/p>\n","protected":false},"author":26,"featured_media":65676,"comment_status":"closed","ping_status":"open","sticky":true,"template":"","format":"standard","meta":{"_price":"","_stock":"","_tribe_ticket_header":"","_tribe_default_ticket_provider":"","_tribe_ticket_capacity":"0","_ticket_start_date":"","_ticket_end_date":"","_tribe_ticket_show_description":"","_tribe_ticket_show_not_going":false,"_tribe_ticket_use_global_stock":"","_tribe_ticket_global_stock_level":"","_global_stock_mode":"","_global_stock_cap":"","_tribe_rsvp_for_event":"","_tribe_ticket_going_count":"","_tribe_ticket_not_going_count":"","_tribe_tickets_list":"[]","_tribe_ticket_has_attendee_info_fields":false,"footnotes":"","_links_to":"","_links_to_target":""},"categories":[549,310,320,399,309],"tags":[],"class_list":["post-65675","post","type-post","status-publish","format-standard","has-post-thumbnail","hentry","category-ano-2023","category-destaque-grande","category-home","category-institucional","category-ultimas-noticias","entry","has-media"],"_links":{"self":[{"href":"https:\/\/crarn.org.br\/index.php?rest_route=\/wp\/v2\/posts\/65675","targetHints":{"allow":["GET"]}}],"collection":[{"href":"https:\/\/crarn.org.br\/index.php?rest_route=\/wp\/v2\/posts"}],"about":[{"href":"https:\/\/crarn.org.br\/index.php?rest_route=\/wp\/v2\/types\/post"}],"author":[{"embeddable":true,"href":"https:\/\/crarn.org.br\/index.php?rest_route=\/wp\/v2\/users\/26"}],"replies":[{"embeddable":true,"href":"https:\/\/crarn.org.br\/index.php?rest_route=%2Fwp%2Fv2%2Fcomments&post=65675"}],"version-history":[{"count":1,"href":"https:\/\/crarn.org.br\/index.php?rest_route=\/wp\/v2\/posts\/65675\/revisions"}],"predecessor-version":[{"id":65677,"href":"https:\/\/crarn.org.br\/index.php?rest_route=\/wp\/v2\/posts\/65675\/revisions\/65677"}],"wp:featuredmedia":[{"embeddable":true,"href":"https:\/\/crarn.org.br\/index.php?rest_route=\/wp\/v2\/media\/65676"}],"wp:attachment":[{"href":"https:\/\/crarn.org.br\/index.php?rest_route=%2Fwp%2Fv2%2Fmedia&parent=65675"}],"wp:term":[{"taxonomy":"category","embeddable":true,"href":"https:\/\/crarn.org.br\/index.php?rest_route=%2Fwp%2Fv2%2Fcategories&post=65675"},{"taxonomy":"post_tag","embeddable":true,"href":"https:\/\/crarn.org.br\/index.php?rest_route=%2Fwp%2Fv2%2Ftags&post=65675"}],"curies":[{"name":"wp","href":"https:\/\/api.w.org\/{rel}","templated":true}]}}