{"id":65656,"date":"2023-02-02T11:10:06","date_gmt":"2023-02-02T14:10:06","guid":{"rendered":"https:\/\/crarn.org.br\/?p=65656"},"modified":"2023-02-02T14:09:34","modified_gmt":"2023-02-02T17:09:34","slug":"65656-2","status":"publish","type":"post","link":"https:\/\/crarn.org.br\/?p=65656","title":{"rendered":"CRA-RN presente no 1\u00ba F\u00f3rum de Presidentes do Sistema CFA\/CRAs"},"content":{"rendered":"\n<p>O presidente do CRA-RN, Adm. Fl\u00e1vio Em\u00edlio Cavalcanti, est\u00e1 em Bras\u00edlia, onde participa, nesta quinta e sexta-feira, do 1\u00ba F\u00f3rum de Presidentes do Sistema CFA\/CRAs, em 2023.<\/p>\n<p><a href=\"https:\/\/crarn.org.br\/65656-2\/01a-5\/\" rel=\"attachment wp-att-65668\"><img decoding=\"async\" class=\"alignright size-thumbnail wp-image-65668\" src=\"https:\/\/crarn.org.br\/wp-content\/uploads\/2023\/02\/01a-150x150.jpg\" alt=\"\" width=\"150\" height=\"150\" srcset=\"https:\/\/crarn.org.br\/wp-content\/uploads\/2023\/02\/01a-150x150.jpg 150w, https:\/\/crarn.org.br\/wp-content\/uploads\/2023\/02\/01a-600x600.jpg 600w\" sizes=\"(max-width: 150px) 100vw, 150px\" \/><\/a><a href=\"https:\/\/crarn.org.br\/65656-2\/flavio-e-leonardo\/\" rel=\"attachment wp-att-65657\"><img decoding=\"async\" class=\"alignleft size-thumbnail wp-image-65657\" src=\"https:\/\/crarn.org.br\/wp-content\/uploads\/2023\/02\/flavio-e-leonardo-150x150.jpg\" alt=\"\" width=\"150\" height=\"150\" srcset=\"https:\/\/crarn.org.br\/wp-content\/uploads\/2023\/02\/flavio-e-leonardo-150x150.jpg 150w, https:\/\/crarn.org.br\/wp-content\/uploads\/2023\/02\/flavio-e-leonardo-600x600.jpg 600w\" sizes=\"(max-width: 150px) 100vw, 150px\" \/><\/a>O F\u00f3rum tem como objetivo fortalecer a atua\u00e7\u00e3o dos regionais, tendo como foco o profissional registrado e este \u00e9 o primeiro encontro sob a nova gest\u00e3o do CFA, agora sob o comando do presidente Adm. Leonardo Mac\u00eado.<\/p>\n<p>Os gestores dos 27 regionais est\u00e3o reunidos discutindo os principais assuntos relativos \u00e0 profiss\u00e3o e aos processos de trabalho do sistema. Entre os pontos da pauta, destacam-se as sugest\u00f5es de mudan\u00e7a de Gest\u00e3o no Processo do Sistema CFA\/CRAs; nova Resolu\u00e7\u00e3o Normativa de Concilia\u00e7\u00e3o de D\u00e9bitos; fiscaliza\u00e7\u00e3o de Administradoras de Condom\u00ednios; apresenta\u00e7\u00e3o do EMBRA 2023; conv\u00eanio com a Receita Federal; cadastro de perito; Comiss\u00e3o Especial Parlamentar do Sistema CFA\/CRAs; cronograma de atualiza\u00e7\u00e3o do IGM-CFA 2023, etc.<\/p>\n<button class=\"simplefavorite-button\" data-postid=\"65656\" data-siteid=\"1\" data-groupid=\"1\" data-favoritecount=\"0\" style=\"\">Favorite <i class=\"sf-icon-star-empty\"><\/i><\/button>","protected":false},"excerpt":{"rendered":"<p>O presidente do CRA-RN, Adm. Fl\u00e1vio Em\u00edlio Cavalcanti, est\u00e1 em Bras\u00edlia, onde participa, nesta quinta e sexta-feira, do 1\u00ba F\u00f3rum de Presidentes do Sistema CFA\/CRAs, em 2023. O F\u00f3rum tem como objetivo fortalecer a atua\u00e7\u00e3o dos regionais, tendo como foco o profissional registrado e este \u00e9 o primeiro encontro sob a nova gest\u00e3o do CFA,<a class=\"read-more\" href=\"https:\/\/crarn.org.br\/?p=65656\"> [&hellip;]<\/a><\/p>\n","protected":false},"author":26,"featured_media":65660,"comment_status":"closed","ping_status":"open","sticky":true,"template":"","format":"standard","meta":{"_price":"","_stock":"","_tribe_ticket_header":"","_tribe_default_ticket_provider":"","_tribe_ticket_capacity":"0","_ticket_start_date":"","_ticket_end_date":"","_tribe_ticket_show_description":"","_tribe_ticket_show_not_going":false,"_tribe_ticket_use_global_stock":"","_tribe_ticket_global_stock_level":"","_global_stock_mode":"","_global_stock_cap":"","_tribe_rsvp_for_event":"","_tribe_ticket_going_count":"","_tribe_ticket_not_going_count":"","_tribe_tickets_list":"[]","_tribe_ticket_has_attendee_info_fields":false,"footnotes":"","_links_to":"","_links_to_target":""},"categories":[549,310,399,309],"tags":[],"class_list":["post-65656","post","type-post","status-publish","format-standard","has-post-thumbnail","hentry","category-ano-2023","category-destaque-grande","category-institucional","category-ultimas-noticias","entry","has-media"],"_links":{"self":[{"href":"https:\/\/crarn.org.br\/index.php?rest_route=\/wp\/v2\/posts\/65656","targetHints":{"allow":["GET"]}}],"collection":[{"href":"https:\/\/crarn.org.br\/index.php?rest_route=\/wp\/v2\/posts"}],"about":[{"href":"https:\/\/crarn.org.br\/index.php?rest_route=\/wp\/v2\/types\/post"}],"author":[{"embeddable":true,"href":"https:\/\/crarn.org.br\/index.php?rest_route=\/wp\/v2\/users\/26"}],"replies":[{"embeddable":true,"href":"https:\/\/crarn.org.br\/index.php?rest_route=%2Fwp%2Fv2%2Fcomments&post=65656"}],"version-history":[{"count":4,"href":"https:\/\/crarn.org.br\/index.php?rest_route=\/wp\/v2\/posts\/65656\/revisions"}],"predecessor-version":[{"id":65670,"href":"https:\/\/crarn.org.br\/index.php?rest_route=\/wp\/v2\/posts\/65656\/revisions\/65670"}],"wp:featuredmedia":[{"embeddable":true,"href":"https:\/\/crarn.org.br\/index.php?rest_route=\/wp\/v2\/media\/65660"}],"wp:attachment":[{"href":"https:\/\/crarn.org.br\/index.php?rest_route=%2Fwp%2Fv2%2Fmedia&parent=65656"}],"wp:term":[{"taxonomy":"category","embeddable":true,"href":"https:\/\/crarn.org.br\/index.php?rest_route=%2Fwp%2Fv2%2Fcategories&post=65656"},{"taxonomy":"post_tag","embeddable":true,"href":"https:\/\/crarn.org.br\/index.php?rest_route=%2Fwp%2Fv2%2Ftags&post=65656"}],"curies":[{"name":"wp","href":"https:\/\/api.w.org\/{rel}","templated":true}]}}