{"id":65579,"date":"2022-12-12T12:39:58","date_gmt":"2022-12-12T15:39:58","guid":{"rendered":"https:\/\/crarn.org.br\/?p=65579"},"modified":"2022-12-12T12:40:02","modified_gmt":"2022-12-12T15:40:02","slug":"conheca-os-melhores-trabalhos-selecionados-no-premio-cfa-belmiro-siqueira-2022","status":"publish","type":"post","link":"https:\/\/crarn.org.br\/?p=65579","title":{"rendered":"Conhe\u00e7a os melhores trabalhos selecionados no Pr\u00eamio CFA Belmiro Siqueira 2022"},"content":{"rendered":"\n<p>A sele\u00e7\u00e3o foi conclu\u00edda nesta quarta-feira (7), na sede do Conselho Federal de Administra\u00e7\u00e3o, pelo Comit\u00ea de Julgamento do Pr\u00eamio CFA Belmiro Siqueira, que celebrou a alta no n\u00famero de inscritos.<\/p>\n<p>A escolha dos melhores trabalhos demandou an\u00e1lise criteriosa do elevado patamar de qualidade e coer\u00eancia do texto. Confira abaixo os classificados:<\/p>\n<table>\n<tbody>\n<tr>\n<td>\n<p><b>Ordem<\/b><\/p>\n<\/td>\n<td>\n<p><b>CRA de origem<\/b><\/p>\n<\/td>\n<td>\n<p><b>Modalidade Livro<\/b><\/p>\n<\/td>\n<\/tr>\n<tr>\n<td>\n<p><b>1\u00ba lugar<\/b><\/p>\n<\/td>\n<td>\n<p>CRA-SP<\/p>\n<\/td>\n<td>\n<p><b>T\u00edtulo:<\/b>\u00a0\u201cTend\u00eancias da Administra\u00e7\u00e3o em Debate\u201d.<\/p>\n<p><b>Autor:<\/b>\u00a0Jo\u00e3o Pinheiro de Barros Neto.<\/p>\n<\/td>\n<\/tr>\n<\/tbody>\n<\/table>\n<p>\u00a0<\/p>\n<table>\n<tbody>\n<tr>\n<td>\n<p><b>Ordem<\/b><\/p>\n<\/td>\n<td>\n<p><b>CRA de origem<\/b><\/p>\n<\/td>\n<td>\n<p><b>Modalidade Artigo T\u00e9cnico<\/b><\/p>\n<\/td>\n<\/tr>\n<tr>\n<td>\n<p><b>1\u00ba lugar<\/b><\/p>\n<\/td>\n<td>\n<p>CRA-GO<\/p>\n<\/td>\n<td>\n<p><b>T\u00edtulo:<\/b>\u00a0\u201cQuais dimens\u00f5es da Administra\u00e7\u00e3o da inova\u00e7\u00e3o influenciam o desenvolvimento de novas tecnologias que diferenciam as pequenas empresas no mercado?\u201d<\/p>\n<p>\u00a0Autor:\u00a0<b>Ingrid Lorraine da Silva Rocha<\/b>.<\/p>\n<p>\u00a0Coautores:\u00a0<b>Cleidson Nogueira Dias e Eduardo Dias leite<\/b>.<\/p>\n<\/td>\n<\/tr>\n<\/tbody>\n<\/table>\n<p>\u00a0<\/p>\n<table>\n<tbody>\n<tr>\n<td>\n<p><b>Ordem<\/b><\/p>\n<\/td>\n<td>\n<p><b>CRA de Origem<\/b><\/p>\n<\/td>\n<td>\n<p><b>Modalidade Artigo Acad\u00eamico<\/b><\/p>\n<\/td>\n<\/tr>\n<tr>\n<td>\n<p><b>1\u00ba lugar<\/b><\/p>\n<\/td>\n<td>\n<p>CRA-SP<\/p>\n<\/td>\n<td>\n<p><b>T\u00edtulo:<\/b>\u00a0\u201cEscalabilidade de agtechs brasileiras: proposta e avalia\u00e7\u00e3o de um modelo multidimensional\u201d<\/p>\n<p>\u00a0Autor:\u00a0<b>Paulo Henrique Bertucci Ramos<\/b>.<\/p>\n<\/td>\n<\/tr>\n<tr>\n<td>\n<p><b>2\u00ba lugar<\/b><\/p>\n<\/td>\n<td>\n<p>CRA-PR<\/p>\n<\/td>\n<td>\n<p><b>T\u00edtulo:<\/b>\u00a0\u201cLiberdade econ\u00f4mica e pr\u00e1ticas ESG (ENVIRONMENTAL, SOCIAL, GOVERNANCE): uma an\u00e1lise no setor financeiro das Am\u00e9ricas\u201d.<\/p>\n<p>\u00a0Autor:\u00a0<b>Leonardo K\u00f6ppe Malanski<\/b>.<\/p>\n<\/td>\n<\/tr>\n<tr>\n<td>\n<p><b>3\u00ba lugar<\/b><\/p>\n<\/td>\n<td>\n<p>CRA-RS<\/p>\n<\/td>\n<td>\n<p><b>T\u00edtulo:<\/b>\u00a0\u201cA influ\u00eancia da colabora\u00e7\u00e3o interorganizacional para a estrat\u00e9gia e crescimento digital de pequenas e m\u00e9dias empresas\u201d.<\/p>\n<p>\u00a0Autor:\u00a0<b>Roberto Andrei Bastos Rodrigues<\/b>.<\/p>\n<\/td>\n<\/tr>\n<\/tbody>\n<\/table>\n<p>\u00a0<\/p>\n<p>Na categoria Artigo Acad\u00eamico, tamb\u00e9m foram concedidas men\u00e7\u00f5es honrosas aos seguintes candidatos:<\/p>\n<table>\n<tbody>\n<tr>\n<td>\n<p>CRA-RR<\/p>\n<\/td>\n<td>\n<p><b>T\u00edtulo:<\/b>\u00a0\u201cModelo de neg\u00f3cios B2C na Amaz\u00f4nia Setentrional\u201d<\/p>\n<p>\u00a0Autor:\u00a0<b>Elizabeth Carolina Huertas Velaides<\/b>.<\/p>\n<\/td>\n<\/tr>\n<tr>\n<td>\n<p>CRA-PA<\/p>\n<\/td>\n<td>\n<p><b>T\u00edtulo:<\/b>\u00a0\u201cGest\u00e3o das Cidades Inteligentes no contexto da acessibilidade oportuniza por atropovias: Vis\u00e3o e perspectivas de usu\u00e1rios e gestores do Munic\u00edpio de Bel\u00e9m (PA)\u201d.<\/p>\n<p>\u00a0Autor:\u00a0<b>Jo\u00e3o Paulo Vasconcelos Mendon\u00e7a Junior<\/b>.<\/p>\n<\/td>\n<\/tr>\n<tr>\n<td>\n<p>CRA-TO<\/p>\n<\/td>\n<td>\n<p><b>T\u00edtulo:<\/b>\u00a0\u201cO papel das Escolas Superiores da Magistratura Estaduais na constru\u00e7\u00e3o do acesso \u00e0 justi\u00e7a, melhoria da presta\u00e7\u00e3o jurisdicional e a contribui\u00e7\u00e3o para os objetivos de desenvolvimento sustent\u00e1veis\u201d<\/p>\n<p>\u00a0Autor:\u00a0<b>Vinicius Fernandes Barboza<\/b>.<\/p>\n<\/td>\n<\/tr>\n<tr>\n<td>\n<p>CRA-MT<\/p>\n<\/td>\n<td>\n<p><b>T\u00edtulo:<\/b>\u00a0\u201cAdministra\u00e7\u00e3o e as novas tecnologias: implanta\u00e7\u00e3o de software de baixo custo para gest\u00e3o de frotas em uma empresa cuiabana em 2022\u201d.<\/p>\n<p>\u00a0Autor:\u00a0<b>Ana Caroline Oliveira do Nascimento<\/b>.<\/p>\n<\/td>\n<\/tr>\n<tr>\n<td>\n<p>CRA-RS<\/p>\n<\/td>\n<td>\n<p><b>T\u00edtulo:<\/b>\u00a0\u201cOrienta\u00e7\u00e3o empreendedora e crescimento de MPMES em contexto de crise\u201d.<\/p>\n<p>\u00a0Autor:\u00a0<b>Manoela Kasper Kopittke<\/b>.<\/p>\n<\/td>\n<\/tr>\n<tr>\n<td>\n<p>CRA-MG<\/p>\n<\/td>\n<td>\n<p><b>T\u00edtulo:<\/b>\u00a0\u201cAplica\u00e7\u00e3o das bibliotecas Python para a an\u00e1lise explorat\u00f3ria de dados no Setor P\u00fablico\u201d.<\/p>\n<p>\u00a0Autor:\u00a0<b>Ana Palloma Rocha Fernandes<\/b>.<\/p>\n<\/td>\n<\/tr>\n<tr>\n<td>\n<p>CRA-RS<\/p>\n<\/td>\n<td>\n<p><b>T\u00edtulo:<\/b>\u00a0\u201cO Impacto da Pandemia de COVID-19 nos processos de recrutamento e sele\u00e7\u00e3o das pequenas e m\u00e9dias empresas\u201d.<\/p>\n<p>\u00a0Autor:\u00a0<b>Luiza Silva Vieira<\/b>.<\/p>\n<\/td>\n<\/tr>\n<\/tbody>\n<\/table>\n<p>\u00a0<\/p>\n<p><b>Alta de candidatos<\/b><\/p>\n<p>At\u00e9 31 de agosto, foram recebidas 43\u00a0<a href=\"https:\/\/cfa.org.br\/estao-abertas-as-inscricoes-para-o-premio-belmiro-siqueira-2022\/\">inscri\u00e7\u00f5es<\/a>\u00a0de Administradores, Profissionais de Administra\u00e7\u00e3o e estudantes egressos de cursos conexos, que contribuem para o desenvolvimento da profiss\u00e3o e da Ci\u00eancia da Administra\u00e7\u00e3o no Brasil. Por modalidade, foram apresentados 15 livros, 3 artigos t\u00e9cnicos e 25 artigos acad\u00eamicos.<\/p>\n<p>Atuaram pelo Comit\u00ea de Julgamento o vice-presidente do CFA, Adm. Rog\u00e9rio Ramos; a diretora e o vice-diretor da CFP, conselheiros Cl\u00e1udia Stadtlober e Mauro Le\u00f4nidas; o professor titular e assessor geral da Presid\u00eancia da Funda\u00e7\u00e3o Get\u00falio Vargas (FGV), Istvan Karoly Kasnar; e o vice-presidente da Associa\u00e7\u00e3o Nacional dos Cursos de Gradua\u00e7\u00e3o em Administra\u00e7\u00e3o, prof. Edson Sadao Iizuka.<\/p>\n<p>\u00a0<\/p>\n<p>Patr\u00edcia Portales<br \/>Assessoria de Comunica\u00e7\u00e3o do CFA.<\/p>\n<button class=\"simplefavorite-button\" data-postid=\"65579\" data-siteid=\"1\" data-groupid=\"1\" data-favoritecount=\"0\" style=\"\">Favorite <i class=\"sf-icon-star-empty\"><\/i><\/button>","protected":false},"excerpt":{"rendered":"<p>A sele\u00e7\u00e3o foi conclu\u00edda nesta quarta-feira (7), na sede do Conselho Federal de Administra\u00e7\u00e3o, pelo Comit\u00ea de Julgamento do Pr\u00eamio CFA Belmiro Siqueira, que celebrou a alta no n\u00famero de inscritos. A escolha dos melhores trabalhos demandou an\u00e1lise criteriosa do elevado patamar de qualidade e coer\u00eancia do texto. Confira abaixo os classificados: Ordem CRA de<a class=\"read-more\" href=\"https:\/\/crarn.org.br\/?p=65579\"> [&hellip;]<\/a><\/p>\n","protected":false},"author":26,"featured_media":65580,"comment_status":"closed","ping_status":"open","sticky":true,"template":"","format":"standard","meta":{"_price":"","_stock":"","_tribe_ticket_header":"","_tribe_default_ticket_provider":"","_tribe_ticket_capacity":"0","_ticket_start_date":"","_ticket_end_date":"","_tribe_ticket_show_description":"","_tribe_ticket_show_not_going":false,"_tribe_ticket_use_global_stock":"","_tribe_ticket_global_stock_level":"","_global_stock_mode":"","_global_stock_cap":"","_tribe_rsvp_for_event":"","_tribe_ticket_going_count":"","_tribe_ticket_not_going_count":"","_tribe_tickets_list":"[]","_tribe_ticket_has_attendee_info_fields":false,"footnotes":"","_links_to":"","_links_to_target":""},"categories":[548,310,320,399,309],"tags":[],"class_list":["post-65579","post","type-post","status-publish","format-standard","has-post-thumbnail","hentry","category-ano-2022","category-destaque-grande","category-home","category-institucional","category-ultimas-noticias","entry","has-media"],"_links":{"self":[{"href":"https:\/\/crarn.org.br\/index.php?rest_route=\/wp\/v2\/posts\/65579","targetHints":{"allow":["GET"]}}],"collection":[{"href":"https:\/\/crarn.org.br\/index.php?rest_route=\/wp\/v2\/posts"}],"about":[{"href":"https:\/\/crarn.org.br\/index.php?rest_route=\/wp\/v2\/types\/post"}],"author":[{"embeddable":true,"href":"https:\/\/crarn.org.br\/index.php?rest_route=\/wp\/v2\/users\/26"}],"replies":[{"embeddable":true,"href":"https:\/\/crarn.org.br\/index.php?rest_route=%2Fwp%2Fv2%2Fcomments&post=65579"}],"version-history":[{"count":2,"href":"https:\/\/crarn.org.br\/index.php?rest_route=\/wp\/v2\/posts\/65579\/revisions"}],"predecessor-version":[{"id":65582,"href":"https:\/\/crarn.org.br\/index.php?rest_route=\/wp\/v2\/posts\/65579\/revisions\/65582"}],"wp:featuredmedia":[{"embeddable":true,"href":"https:\/\/crarn.org.br\/index.php?rest_route=\/wp\/v2\/media\/65580"}],"wp:attachment":[{"href":"https:\/\/crarn.org.br\/index.php?rest_route=%2Fwp%2Fv2%2Fmedia&parent=65579"}],"wp:term":[{"taxonomy":"category","embeddable":true,"href":"https:\/\/crarn.org.br\/index.php?rest_route=%2Fwp%2Fv2%2Fcategories&post=65579"},{"taxonomy":"post_tag","embeddable":true,"href":"https:\/\/crarn.org.br\/index.php?rest_route=%2Fwp%2Fv2%2Ftags&post=65579"}],"curies":[{"name":"wp","href":"https:\/\/api.w.org\/{rel}","templated":true}]}}