{"id":65545,"date":"2022-11-25T16:16:47","date_gmt":"2022-11-25T19:16:47","guid":{"rendered":"https:\/\/crarn.org.br\/?p=65545"},"modified":"2022-11-25T16:16:51","modified_gmt":"2022-11-25T19:16:51","slug":"profissionais-elegem-novos-conselheiros-para-o-cra-rn","status":"publish","type":"post","link":"https:\/\/crarn.org.br\/?p=65545","title":{"rendered":"Profissionais elegem novos conselheiros para o CRA-RN"},"content":{"rendered":"\n<p>No \u00faltimo dia 22 de novembro, os profissionais de Administra\u00e7\u00e3o escolheram seus novos representantes atrav\u00e9s das elei\u00e7\u00f5es do Sistema CFA\/CRAs. A vota\u00e7\u00e3o foi realizada on-line pelo site www.votaadministrador.org.br, das 0h \u00e0s 22h.<\/p>\n<p>No CRA-RN, a elei\u00e7\u00e3o teve chapa \u00fanica. A Chapa 01 foi eleita para um mandato de quatro anos, renovando dois ter\u00e7os do plen\u00e1rio, com 12 vagas, sendo seis conselheiros regionais efetivos e seis conselheiros regionais suplentes.<\/p>\n<p>Foram eleitos conselheiros efetivos Acimir Gomes de Miranda J\u00fanior, C\u00e9lia Maria da Rocha Ribeiro, Cl\u00e1udio Henrique Bessa de Menezes, Jos\u00e9 Alysson Souza Ara\u00fajo, Kate Cunha Maciel e Rodrigo Fortunato de Oliveira Alves e os seus respectivos suplentes, Maria Val\u00e9ria Pereira de Ara\u00fajo, Gabriela Gon\u00e7alves Saldanha, Djosete Santos da Costa, L\u00edgia Soares Rebou\u00e7as, Rodrigo Cabral Antas e Leonardo da Costa Lima.<\/p>\n<p>O an\u00fancio da apura\u00e7\u00e3o dos votos de todo o Pa\u00eds foi feito \u00e0s 22h30 no plen\u00e1rio do CFA, em Bras\u00edlia, com transmiss\u00e3o ao vivo pelo canal CFAPlay.<\/p>\n<p>A posse ser\u00e1 realizada na primeira quinzena de janeiro.<\/p>\n<p>\u00a0<\/p>\n<p>Confira os resultados:<\/p>\n<p>Elei\u00e7\u00e3o CRA-RN<\/p>\n<p>Chapa 1 \u2013 216 votos<\/p>\n<p>Votos brancos &#8211; 18<\/p>\n<p>Votos nulos &#8211; 26<\/p>\n<p>\u00a0<\/p>\n<p>Os profissionais que n\u00e3o votaram devem justificar sua aus\u00eancia at\u00e9 o dia 8 de janeiro, no portal <a href=\"http:\/\/www.votaadministrador.org.br\">www.votaadministrador.org.br<\/a><\/p>\n<button class=\"simplefavorite-button\" data-postid=\"65545\" data-siteid=\"1\" data-groupid=\"1\" data-favoritecount=\"0\" style=\"\">Favorite <i class=\"sf-icon-star-empty\"><\/i><\/button>","protected":false},"excerpt":{"rendered":"<p>No \u00faltimo dia 22 de novembro, os profissionais de Administra\u00e7\u00e3o escolheram seus novos representantes atrav\u00e9s das elei\u00e7\u00f5es do Sistema CFA\/CRAs. A vota\u00e7\u00e3o foi realizada on-line pelo site www.votaadministrador.org.br, das 0h \u00e0s 22h. No CRA-RN, a elei\u00e7\u00e3o teve chapa \u00fanica. A Chapa 01 foi eleita para um mandato de quatro anos, renovando dois ter\u00e7os do plen\u00e1rio,<a class=\"read-more\" href=\"https:\/\/crarn.org.br\/?p=65545\"> [&hellip;]<\/a><\/p>\n","protected":false},"author":26,"featured_media":65546,"comment_status":"closed","ping_status":"open","sticky":true,"template":"","format":"standard","meta":{"_price":"","_stock":"","_tribe_ticket_header":"","_tribe_default_ticket_provider":"","_tribe_ticket_capacity":"0","_ticket_start_date":"","_ticket_end_date":"","_tribe_ticket_show_description":"","_tribe_ticket_show_not_going":false,"_tribe_ticket_use_global_stock":"","_tribe_ticket_global_stock_level":"","_global_stock_mode":"","_global_stock_cap":"","_tribe_rsvp_for_event":"","_tribe_ticket_going_count":"","_tribe_ticket_not_going_count":"","_tribe_tickets_list":"[]","_tribe_ticket_has_attendee_info_fields":false,"footnotes":"","_links_to":"","_links_to_target":""},"categories":[548,311,400,320,399,309],"tags":[],"class_list":["post-65545","post","type-post","status-publish","format-standard","has-post-thumbnail","hentry","category-ano-2022","category-destaque-pequeno-superior","category-eleicoes-do-sistema-cfa-cras","category-home","category-institucional","category-ultimas-noticias","entry","has-media"],"_links":{"self":[{"href":"https:\/\/crarn.org.br\/index.php?rest_route=\/wp\/v2\/posts\/65545","targetHints":{"allow":["GET"]}}],"collection":[{"href":"https:\/\/crarn.org.br\/index.php?rest_route=\/wp\/v2\/posts"}],"about":[{"href":"https:\/\/crarn.org.br\/index.php?rest_route=\/wp\/v2\/types\/post"}],"author":[{"embeddable":true,"href":"https:\/\/crarn.org.br\/index.php?rest_route=\/wp\/v2\/users\/26"}],"replies":[{"embeddable":true,"href":"https:\/\/crarn.org.br\/index.php?rest_route=%2Fwp%2Fv2%2Fcomments&post=65545"}],"version-history":[{"count":1,"href":"https:\/\/crarn.org.br\/index.php?rest_route=\/wp\/v2\/posts\/65545\/revisions"}],"predecessor-version":[{"id":65547,"href":"https:\/\/crarn.org.br\/index.php?rest_route=\/wp\/v2\/posts\/65545\/revisions\/65547"}],"wp:featuredmedia":[{"embeddable":true,"href":"https:\/\/crarn.org.br\/index.php?rest_route=\/wp\/v2\/media\/65546"}],"wp:attachment":[{"href":"https:\/\/crarn.org.br\/index.php?rest_route=%2Fwp%2Fv2%2Fmedia&parent=65545"}],"wp:term":[{"taxonomy":"category","embeddable":true,"href":"https:\/\/crarn.org.br\/index.php?rest_route=%2Fwp%2Fv2%2Fcategories&post=65545"},{"taxonomy":"post_tag","embeddable":true,"href":"https:\/\/crarn.org.br\/index.php?rest_route=%2Fwp%2Fv2%2Ftags&post=65545"}],"curies":[{"name":"wp","href":"https:\/\/api.w.org\/{rel}","templated":true}]}}