{"id":65509,"date":"2022-11-18T14:34:12","date_gmt":"2022-11-18T17:34:12","guid":{"rendered":"https:\/\/crarn.org.br\/?p=65509"},"modified":"2022-11-18T14:34:15","modified_gmt":"2022-11-18T17:34:15","slug":"assembleia-legislativa-homenageia-profissionais-de-administracao","status":"publish","type":"post","link":"https:\/\/crarn.org.br\/?p=65509","title":{"rendered":"Assembleia Legislativa homenageia Profissionais de Administra\u00e7\u00e3o"},"content":{"rendered":"\n<p>Nesta sexta-feira (18\/11), a Assembleia Legislativa do RN realizou Sess\u00e3o Solene em Homenagem ao Dia do Profissional de Administra\u00e7\u00e3o, por proposi\u00e7\u00e3o do Deputado Kleber Rodrigues, juntamente com o CRA-RN.<\/p>\n<p>O dia dedicado a estes profissionais \u00e9 o 09 de setembro, mas em fun\u00e7\u00e3o do per\u00edodo eleitoral, a legisla\u00e7\u00e3o n\u00e3o permitiu que a homenagem fosse realizada na data.<\/p>\n<p>A sess\u00e3o foi aberta pelo deputado Kleber, que falou da emo\u00e7\u00e3o em acolher, profissionais t\u00e3o representativos dos administradores do Rio Grande do Norte e enalteceu os desafios da profiss\u00e3o. \u201cUm profissional de m\u00faltiplas tarefas. \u00a0Conhe\u00e7o esse cen\u00e1rio em detalhes e com propriedade, afinal, dele fa\u00e7o parte. Sou administrador por forma\u00e7\u00e3o e atua\u00e7\u00e3o. Conhe\u00e7o os desafios, as sinuosidades e todas as suas exig\u00eancias\u201d, apontou.<\/p>\n<p>Em seguida, citou os homenageados, falando um pouco sobre a trajet\u00f3ria de cada um deles e passou a palavra \u00e0 representante destes profissionais, Adm. Marli Tacconi, que falou da satisfa\u00e7\u00e3o em estar ali, agradeceu \u00e0 Assembleia Legislativa do RN, ao Deputado Kleber, ao Conselho Regional de Administra\u00e7\u00e3o e a todos os profissionais de que fazem a casa, pela homenagem.<\/p>\n<p>O presidente do CRA-RN, Adm. Fl\u00e1vio Em\u00edlio Cavalcanti, ao saudar os presentes, falou da grande alegria em participar da sess\u00e3o, homenageando dois grupos de profissionais muito significativos. \u201cO primeiro deles, profissionais, que tiveram uma hist\u00f3ria no Conselho Regional de Administra\u00e7\u00e3o do RN e alcan\u00e7aram uma condi\u00e7\u00e3o muto nobre, a condi\u00e7\u00e3o de remidos. O outro grupo, \u00e9 formado pelos professores, que, assim como eu, que fui professor de v\u00e1rias gera\u00e7\u00f5es, a gente sabe que s\u00e3o eles que atendem aos desafios e s\u00e3o respons\u00e1veis pela forma\u00e7\u00e3o de muitos profissionais\u201d, refor\u00e7ou.<\/p>\n<p>Os profissionais homenageados na condi\u00e7\u00e3o de remidos foram Ewerton de Macedo Gurgel Pinto, Jorge Alberto Cardoso Bouth, Jos\u00e9 Salim, Jos\u00e9 Jeov\u00e1 Soares, Marco Aur\u00e9lio de Albuquerque Othon e Cleda Faria Rangel de Ara\u00fajo e os professores, Marli de F\u00e1tima Ferraz S. Tacconi, Ana Patr\u00edcia Rodrigues Leite, Karla Dayane Bezerra Cruz, Danilo Cortez Gomes, Tathiana Amorim Garcia Udre Varela.<\/p>\n<div id='gallery-1' class='gallery galleryid-65509 gallery-columns-3 gallery-size-full'><figure class='gallery-item'>\n\t\t\t<div class='gallery-icon portrait'>\n\t\t\t\t<a href='https:\/\/crarn.org.br\/?attachment_id=65523'><img fetchpriority=\"high\" decoding=\"async\" width=\"1211\" height=\"2560\" src=\"https:\/\/crarn.org.br\/wp-content\/uploads\/2022\/11\/20221118_101338-scaled.jpg\" class=\"attachment-full size-full\" alt=\"\" aria-describedby=\"gallery-1-65523\" srcset=\"https:\/\/crarn.org.br\/wp-content\/uploads\/2022\/11\/20221118_101338-scaled.jpg 1211w, https:\/\/crarn.org.br\/wp-content\/uploads\/2022\/11\/20221118_101338-142x300.jpg 142w, https:\/\/crarn.org.br\/wp-content\/uploads\/2022\/11\/20221118_101338-485x1024.jpg 485w, https:\/\/crarn.org.br\/wp-content\/uploads\/2022\/11\/20221118_101338-768x1623.jpg 768w, https:\/\/crarn.org.br\/wp-content\/uploads\/2022\/11\/20221118_101338-727x1536.jpg 727w, https:\/\/crarn.org.br\/wp-content\/uploads\/2022\/11\/20221118_101338-969x2048.jpg 969w\" sizes=\"(max-width: 1211px) 100vw, 1211px\" \/><\/a>\n\t\t\t<\/div>\n\t\t\t\t<figcaption class='wp-caption-text gallery-caption' id='gallery-1-65523'>\n\t\t\t\tAdm. Marli Tacconi\n\t\t\t\t<\/figcaption><\/figure><figure class='gallery-item'>\n\t\t\t<div class='gallery-icon portrait'>\n\t\t\t\t<a href='https:\/\/crarn.org.br\/?attachment_id=65522'><img decoding=\"async\" width=\"1211\" height=\"2560\" src=\"https:\/\/crarn.org.br\/wp-content\/uploads\/2022\/11\/20221118_101245-scaled.jpg\" class=\"attachment-full size-full\" alt=\"\" aria-describedby=\"gallery-1-65522\" srcset=\"https:\/\/crarn.org.br\/wp-content\/uploads\/2022\/11\/20221118_101245-scaled.jpg 1211w, https:\/\/crarn.org.br\/wp-content\/uploads\/2022\/11\/20221118_101245-142x300.jpg 142w, https:\/\/crarn.org.br\/wp-content\/uploads\/2022\/11\/20221118_101245-485x1024.jpg 485w, https:\/\/crarn.org.br\/wp-content\/uploads\/2022\/11\/20221118_101245-768x1623.jpg 768w, https:\/\/crarn.org.br\/wp-content\/uploads\/2022\/11\/20221118_101245-727x1536.jpg 727w, https:\/\/crarn.org.br\/wp-content\/uploads\/2022\/11\/20221118_101245-969x2048.jpg 969w\" sizes=\"(max-width: 1211px) 100vw, 1211px\" \/><\/a>\n\t\t\t<\/div>\n\t\t\t\t<figcaption class='wp-caption-text gallery-caption' id='gallery-1-65522'>\n\t\t\t\tAdm. Tathiana Udre\n\t\t\t\t<\/figcaption><\/figure><figure class='gallery-item'>\n\t\t\t<div class='gallery-icon portrait'>\n\t\t\t\t<a href='https:\/\/crarn.org.br\/?attachment_id=65521'><img decoding=\"async\" width=\"1211\" height=\"2560\" src=\"https:\/\/crarn.org.br\/wp-content\/uploads\/2022\/11\/20221118_101155-scaled.jpg\" class=\"attachment-full size-full\" alt=\"\" aria-describedby=\"gallery-1-65521\" srcset=\"https:\/\/crarn.org.br\/wp-content\/uploads\/2022\/11\/20221118_101155-scaled.jpg 1211w, https:\/\/crarn.org.br\/wp-content\/uploads\/2022\/11\/20221118_101155-142x300.jpg 142w, https:\/\/crarn.org.br\/wp-content\/uploads\/2022\/11\/20221118_101155-485x1024.jpg 485w, https:\/\/crarn.org.br\/wp-content\/uploads\/2022\/11\/20221118_101155-768x1623.jpg 768w, https:\/\/crarn.org.br\/wp-content\/uploads\/2022\/11\/20221118_101155-727x1536.jpg 727w, https:\/\/crarn.org.br\/wp-content\/uploads\/2022\/11\/20221118_101155-969x2048.jpg 969w\" sizes=\"(max-width: 1211px) 100vw, 1211px\" \/><\/a>\n\t\t\t<\/div>\n\t\t\t\t<figcaption class='wp-caption-text gallery-caption' id='gallery-1-65521'>\n\t\t\t\tRepresentante do Adm. Marco Othon\n\t\t\t\t<\/figcaption><\/figure><figure class='gallery-item'>\n\t\t\t<div class='gallery-icon portrait'>\n\t\t\t\t<a href='https:\/\/crarn.org.br\/?attachment_id=65520'><img loading=\"lazy\" decoding=\"async\" width=\"1211\" height=\"2560\" src=\"https:\/\/crarn.org.br\/wp-content\/uploads\/2022\/11\/20221118_101101-scaled.jpg\" class=\"attachment-full size-full\" alt=\"\" aria-describedby=\"gallery-1-65520\" srcset=\"https:\/\/crarn.org.br\/wp-content\/uploads\/2022\/11\/20221118_101101-scaled.jpg 1211w, https:\/\/crarn.org.br\/wp-content\/uploads\/2022\/11\/20221118_101101-142x300.jpg 142w, https:\/\/crarn.org.br\/wp-content\/uploads\/2022\/11\/20221118_101101-485x1024.jpg 485w, https:\/\/crarn.org.br\/wp-content\/uploads\/2022\/11\/20221118_101101-768x1623.jpg 768w, https:\/\/crarn.org.br\/wp-content\/uploads\/2022\/11\/20221118_101101-727x1536.jpg 727w, https:\/\/crarn.org.br\/wp-content\/uploads\/2022\/11\/20221118_101101-969x2048.jpg 969w\" sizes=\"(max-width: 1211px) 100vw, 1211px\" \/><\/a>\n\t\t\t<\/div>\n\t\t\t\t<figcaption class='wp-caption-text gallery-caption' id='gallery-1-65520'>\n\t\t\t\tAdm. Jos\u00e9 Salim\n\t\t\t\t<\/figcaption><\/figure><figure class='gallery-item'>\n\t\t\t<div class='gallery-icon portrait'>\n\t\t\t\t<a href='https:\/\/crarn.org.br\/?attachment_id=65519'><img loading=\"lazy\" decoding=\"async\" width=\"1211\" height=\"2560\" src=\"https:\/\/crarn.org.br\/wp-content\/uploads\/2022\/11\/20221118_101019-scaled.jpg\" class=\"attachment-full size-full\" alt=\"\" aria-describedby=\"gallery-1-65519\" srcset=\"https:\/\/crarn.org.br\/wp-content\/uploads\/2022\/11\/20221118_101019-scaled.jpg 1211w, https:\/\/crarn.org.br\/wp-content\/uploads\/2022\/11\/20221118_101019-142x300.jpg 142w, https:\/\/crarn.org.br\/wp-content\/uploads\/2022\/11\/20221118_101019-485x1024.jpg 485w, https:\/\/crarn.org.br\/wp-content\/uploads\/2022\/11\/20221118_101019-768x1623.jpg 768w, https:\/\/crarn.org.br\/wp-content\/uploads\/2022\/11\/20221118_101019-727x1536.jpg 727w, https:\/\/crarn.org.br\/wp-content\/uploads\/2022\/11\/20221118_101019-969x2048.jpg 969w\" sizes=\"(max-width: 1211px) 100vw, 1211px\" \/><\/a>\n\t\t\t<\/div>\n\t\t\t\t<figcaption class='wp-caption-text gallery-caption' id='gallery-1-65519'>\n\t\t\t\tAdm. Karla Cruz\n\t\t\t\t<\/figcaption><\/figure><figure class='gallery-item'>\n\t\t\t<div class='gallery-icon portrait'>\n\t\t\t\t<a href='https:\/\/crarn.org.br\/?attachment_id=65518'><img loading=\"lazy\" decoding=\"async\" width=\"1211\" height=\"2560\" src=\"https:\/\/crarn.org.br\/wp-content\/uploads\/2022\/11\/20221118_100916-scaled.jpg\" class=\"attachment-full size-full\" alt=\"\" aria-describedby=\"gallery-1-65518\" srcset=\"https:\/\/crarn.org.br\/wp-content\/uploads\/2022\/11\/20221118_100916-scaled.jpg 1211w, https:\/\/crarn.org.br\/wp-content\/uploads\/2022\/11\/20221118_100916-142x300.jpg 142w, https:\/\/crarn.org.br\/wp-content\/uploads\/2022\/11\/20221118_100916-485x1024.jpg 485w, https:\/\/crarn.org.br\/wp-content\/uploads\/2022\/11\/20221118_100916-768x1623.jpg 768w, https:\/\/crarn.org.br\/wp-content\/uploads\/2022\/11\/20221118_100916-727x1536.jpg 727w, https:\/\/crarn.org.br\/wp-content\/uploads\/2022\/11\/20221118_100916-969x2048.jpg 969w\" sizes=\"(max-width: 1211px) 100vw, 1211px\" \/><\/a>\n\t\t\t<\/div>\n\t\t\t\t<figcaption class='wp-caption-text gallery-caption' id='gallery-1-65518'>\n\t\t\t\tAdm. Jorge Alberto Bouth\n\t\t\t\t<\/figcaption><\/figure><figure class='gallery-item'>\n\t\t\t<div class='gallery-icon portrait'>\n\t\t\t\t<a href='https:\/\/crarn.org.br\/?attachment_id=65517'><img loading=\"lazy\" decoding=\"async\" width=\"1211\" height=\"2560\" src=\"https:\/\/crarn.org.br\/wp-content\/uploads\/2022\/11\/20221118_100824-scaled.jpg\" class=\"attachment-full size-full\" alt=\"\" aria-describedby=\"gallery-1-65517\" srcset=\"https:\/\/crarn.org.br\/wp-content\/uploads\/2022\/11\/20221118_100824-scaled.jpg 1211w, https:\/\/crarn.org.br\/wp-content\/uploads\/2022\/11\/20221118_100824-142x300.jpg 142w, https:\/\/crarn.org.br\/wp-content\/uploads\/2022\/11\/20221118_100824-485x1024.jpg 485w, https:\/\/crarn.org.br\/wp-content\/uploads\/2022\/11\/20221118_100824-768x1623.jpg 768w, https:\/\/crarn.org.br\/wp-content\/uploads\/2022\/11\/20221118_100824-727x1536.jpg 727w, https:\/\/crarn.org.br\/wp-content\/uploads\/2022\/11\/20221118_100824-969x2048.jpg 969w\" sizes=\"(max-width: 1211px) 100vw, 1211px\" \/><\/a>\n\t\t\t<\/div>\n\t\t\t\t<figcaption class='wp-caption-text gallery-caption' id='gallery-1-65517'>\n\t\t\t\tAdm. Ewerton Gurgel\n\t\t\t\t<\/figcaption><\/figure><figure class='gallery-item'>\n\t\t\t<div class='gallery-icon portrait'>\n\t\t\t\t<a href='https:\/\/crarn.org.br\/?attachment_id=65516'><img loading=\"lazy\" decoding=\"async\" width=\"1211\" height=\"2560\" src=\"https:\/\/crarn.org.br\/wp-content\/uploads\/2022\/11\/20221118_100738-scaled.jpg\" class=\"attachment-full size-full\" alt=\"\" aria-describedby=\"gallery-1-65516\" srcset=\"https:\/\/crarn.org.br\/wp-content\/uploads\/2022\/11\/20221118_100738-scaled.jpg 1211w, https:\/\/crarn.org.br\/wp-content\/uploads\/2022\/11\/20221118_100738-142x300.jpg 142w, https:\/\/crarn.org.br\/wp-content\/uploads\/2022\/11\/20221118_100738-485x1024.jpg 485w, https:\/\/crarn.org.br\/wp-content\/uploads\/2022\/11\/20221118_100738-768x1623.jpg 768w, https:\/\/crarn.org.br\/wp-content\/uploads\/2022\/11\/20221118_100738-727x1536.jpg 727w, https:\/\/crarn.org.br\/wp-content\/uploads\/2022\/11\/20221118_100738-969x2048.jpg 969w\" sizes=\"(max-width: 1211px) 100vw, 1211px\" \/><\/a>\n\t\t\t<\/div>\n\t\t\t\t<figcaption class='wp-caption-text gallery-caption' id='gallery-1-65516'>\n\t\t\t\tAdm. Danilo Cortez Gomes\n\t\t\t\t<\/figcaption><\/figure><figure class='gallery-item'>\n\t\t\t<div class='gallery-icon portrait'>\n\t\t\t\t<a href='https:\/\/crarn.org.br\/?attachment_id=65515'><img loading=\"lazy\" decoding=\"async\" width=\"1211\" height=\"2560\" src=\"https:\/\/crarn.org.br\/wp-content\/uploads\/2022\/11\/20221118_100651-scaled.jpg\" class=\"attachment-full size-full\" alt=\"\" aria-describedby=\"gallery-1-65515\" srcset=\"https:\/\/crarn.org.br\/wp-content\/uploads\/2022\/11\/20221118_100651-scaled.jpg 1211w, https:\/\/crarn.org.br\/wp-content\/uploads\/2022\/11\/20221118_100651-142x300.jpg 142w, https:\/\/crarn.org.br\/wp-content\/uploads\/2022\/11\/20221118_100651-485x1024.jpg 485w, https:\/\/crarn.org.br\/wp-content\/uploads\/2022\/11\/20221118_100651-768x1623.jpg 768w, https:\/\/crarn.org.br\/wp-content\/uploads\/2022\/11\/20221118_100651-727x1536.jpg 727w, https:\/\/crarn.org.br\/wp-content\/uploads\/2022\/11\/20221118_100651-969x2048.jpg 969w\" sizes=\"(max-width: 1211px) 100vw, 1211px\" \/><\/a>\n\t\t\t<\/div>\n\t\t\t\t<figcaption class='wp-caption-text gallery-caption' id='gallery-1-65515'>\n\t\t\t\tRepresentante da Adm. Cleda Rangel\n\t\t\t\t<\/figcaption><\/figure><figure class='gallery-item'>\n\t\t\t<div class='gallery-icon portrait'>\n\t\t\t\t<a href='https:\/\/crarn.org.br\/?attachment_id=65514'><img loading=\"lazy\" decoding=\"async\" width=\"1440\" height=\"2560\" src=\"https:\/\/crarn.org.br\/wp-content\/uploads\/2022\/11\/20221118_100549-scaled.jpg\" class=\"attachment-full size-full\" alt=\"\" aria-describedby=\"gallery-1-65514\" srcset=\"https:\/\/crarn.org.br\/wp-content\/uploads\/2022\/11\/20221118_100549-scaled.jpg 1440w, https:\/\/crarn.org.br\/wp-content\/uploads\/2022\/11\/20221118_100549-169x300.jpg 169w, https:\/\/crarn.org.br\/wp-content\/uploads\/2022\/11\/20221118_100549-576x1024.jpg 576w, https:\/\/crarn.org.br\/wp-content\/uploads\/2022\/11\/20221118_100549-768x1365.jpg 768w, https:\/\/crarn.org.br\/wp-content\/uploads\/2022\/11\/20221118_100549-864x1536.jpg 864w, https:\/\/crarn.org.br\/wp-content\/uploads\/2022\/11\/20221118_100549-1152x2048.jpg 1152w\" sizes=\"(max-width: 1440px) 100vw, 1440px\" \/><\/a>\n\t\t\t<\/div>\n\t\t\t\t<figcaption class='wp-caption-text gallery-caption' id='gallery-1-65514'>\n\t\t\t\tAdm. Ana Patr\u00edcia Leite\n\t\t\t\t<\/figcaption><\/figure><figure class='gallery-item'>\n\t\t\t<div class='gallery-icon portrait'>\n\t\t\t\t<a href='https:\/\/crarn.org.br\/?attachment_id=65513'><img loading=\"lazy\" decoding=\"async\" width=\"1211\" height=\"2560\" src=\"https:\/\/crarn.org.br\/wp-content\/uploads\/2022\/11\/20221118_100353-scaled.jpg\" class=\"attachment-full size-full\" alt=\"\" aria-describedby=\"gallery-1-65513\" srcset=\"https:\/\/crarn.org.br\/wp-content\/uploads\/2022\/11\/20221118_100353-scaled.jpg 1211w, https:\/\/crarn.org.br\/wp-content\/uploads\/2022\/11\/20221118_100353-142x300.jpg 142w, https:\/\/crarn.org.br\/wp-content\/uploads\/2022\/11\/20221118_100353-485x1024.jpg 485w, https:\/\/crarn.org.br\/wp-content\/uploads\/2022\/11\/20221118_100353-768x1623.jpg 768w, https:\/\/crarn.org.br\/wp-content\/uploads\/2022\/11\/20221118_100353-727x1536.jpg 727w, https:\/\/crarn.org.br\/wp-content\/uploads\/2022\/11\/20221118_100353-969x2048.jpg 969w\" sizes=\"(max-width: 1211px) 100vw, 1211px\" \/><\/a>\n\t\t\t<\/div>\n\t\t\t\t<figcaption class='wp-caption-text gallery-caption' id='gallery-1-65513'>\n\t\t\t\tAdm. Jos\u00e9 Jeov\u00e1\n\t\t\t\t<\/figcaption><\/figure><figure class='gallery-item'>\n\t\t\t<div class='gallery-icon landscape'>\n\t\t\t\t<a href='https:\/\/crarn.org.br\/?attachment_id=65510'><img loading=\"lazy\" decoding=\"async\" width=\"2560\" height=\"1211\" src=\"https:\/\/crarn.org.br\/wp-content\/uploads\/2022\/11\/20221118_094808-scaled.jpg\" class=\"attachment-full size-full\" alt=\"\" srcset=\"https:\/\/crarn.org.br\/wp-content\/uploads\/2022\/11\/20221118_094808-scaled.jpg 2560w, https:\/\/crarn.org.br\/wp-content\/uploads\/2022\/11\/20221118_094808-300x142.jpg 300w, https:\/\/crarn.org.br\/wp-content\/uploads\/2022\/11\/20221118_094808-1024x485.jpg 1024w, https:\/\/crarn.org.br\/wp-content\/uploads\/2022\/11\/20221118_094808-768x363.jpg 768w, https:\/\/crarn.org.br\/wp-content\/uploads\/2022\/11\/20221118_094808-1536x727.jpg 1536w, https:\/\/crarn.org.br\/wp-content\/uploads\/2022\/11\/20221118_094808-2048x969.jpg 2048w\" sizes=\"(max-width: 2560px) 100vw, 2560px\" \/><\/a>\n\t\t\t<\/div><\/figure><figure class='gallery-item'>\n\t\t\t<div class='gallery-icon portrait'>\n\t\t\t\t<a href='https:\/\/crarn.org.br\/?attachment_id=65525'><img loading=\"lazy\" decoding=\"async\" width=\"1440\" height=\"2560\" src=\"https:\/\/crarn.org.br\/wp-content\/uploads\/2022\/11\/20221118_103246-scaled.jpg\" class=\"attachment-full size-full\" alt=\"\" srcset=\"https:\/\/crarn.org.br\/wp-content\/uploads\/2022\/11\/20221118_103246-scaled.jpg 1440w, https:\/\/crarn.org.br\/wp-content\/uploads\/2022\/11\/20221118_103246-169x300.jpg 169w, https:\/\/crarn.org.br\/wp-content\/uploads\/2022\/11\/20221118_103246-576x1024.jpg 576w, https:\/\/crarn.org.br\/wp-content\/uploads\/2022\/11\/20221118_103246-768x1365.jpg 768w, https:\/\/crarn.org.br\/wp-content\/uploads\/2022\/11\/20221118_103246-864x1536.jpg 864w, https:\/\/crarn.org.br\/wp-content\/uploads\/2022\/11\/20221118_103246-1152x2048.jpg 1152w\" sizes=\"(max-width: 1440px) 100vw, 1440px\" \/><\/a>\n\t\t\t<\/div><\/figure><figure class='gallery-item'>\n\t\t\t<div class='gallery-icon portrait'>\n\t\t\t\t<a href='https:\/\/crarn.org.br\/?attachment_id=65524'><img loading=\"lazy\" decoding=\"async\" width=\"1211\" height=\"2560\" src=\"https:\/\/crarn.org.br\/wp-content\/uploads\/2022\/11\/20221118_101850-scaled.jpg\" class=\"attachment-full size-full\" alt=\"\" srcset=\"https:\/\/crarn.org.br\/wp-content\/uploads\/2022\/11\/20221118_101850-scaled.jpg 1211w, https:\/\/crarn.org.br\/wp-content\/uploads\/2022\/11\/20221118_101850-142x300.jpg 142w, https:\/\/crarn.org.br\/wp-content\/uploads\/2022\/11\/20221118_101850-485x1024.jpg 485w, https:\/\/crarn.org.br\/wp-content\/uploads\/2022\/11\/20221118_101850-768x1623.jpg 768w, https:\/\/crarn.org.br\/wp-content\/uploads\/2022\/11\/20221118_101850-727x1536.jpg 727w, https:\/\/crarn.org.br\/wp-content\/uploads\/2022\/11\/20221118_101850-969x2048.jpg 969w\" sizes=\"(max-width: 1211px) 100vw, 1211px\" \/><\/a>\n\t\t\t<\/div><\/figure><figure class='gallery-item'>\n\t\t\t<div class='gallery-icon landscape'>\n\t\t\t\t<a href='https:\/\/crarn.org.br\/?attachment_id=65511'><img loading=\"lazy\" decoding=\"async\" width=\"2560\" height=\"1211\" src=\"https:\/\/crarn.org.br\/wp-content\/uploads\/2022\/11\/20221118_094959-scaled.jpg\" class=\"attachment-full size-full\" alt=\"\" srcset=\"https:\/\/crarn.org.br\/wp-content\/uploads\/2022\/11\/20221118_094959-scaled.jpg 2560w, https:\/\/crarn.org.br\/wp-content\/uploads\/2022\/11\/20221118_094959-300x142.jpg 300w, https:\/\/crarn.org.br\/wp-content\/uploads\/2022\/11\/20221118_094959-1024x485.jpg 1024w, https:\/\/crarn.org.br\/wp-content\/uploads\/2022\/11\/20221118_094959-768x363.jpg 768w, https:\/\/crarn.org.br\/wp-content\/uploads\/2022\/11\/20221118_094959-1536x727.jpg 1536w, https:\/\/crarn.org.br\/wp-content\/uploads\/2022\/11\/20221118_094959-2048x969.jpg 2048w\" sizes=\"(max-width: 2560px) 100vw, 2560px\" \/><\/a>\n\t\t\t<\/div><\/figure>\n\t\t<\/div>\n\n<p>\u00a0<\/p>\n<button class=\"simplefavorite-button\" data-postid=\"65509\" data-siteid=\"1\" data-groupid=\"1\" data-favoritecount=\"0\" style=\"\">Favorite <i class=\"sf-icon-star-empty\"><\/i><\/button>","protected":false},"excerpt":{"rendered":"<p>Nesta sexta-feira (18\/11), a Assembleia Legislativa do RN realizou Sess\u00e3o Solene em Homenagem ao Dia do Profissional de Administra\u00e7\u00e3o, por proposi\u00e7\u00e3o do Deputado Kleber Rodrigues, juntamente com o CRA-RN. O dia dedicado a estes profissionais \u00e9 o 09 de setembro, mas em fun\u00e7\u00e3o do per\u00edodo eleitoral, a legisla\u00e7\u00e3o n\u00e3o permitiu que a homenagem fosse realizada<a class=\"read-more\" href=\"https:\/\/crarn.org.br\/?p=65509\"> [&hellip;]<\/a><\/p>\n","protected":false},"author":26,"featured_media":65526,"comment_status":"closed","ping_status":"open","sticky":true,"template":"","format":"standard","meta":{"_price":"","_stock":"","_tribe_ticket_header":"","_tribe_default_ticket_provider":"","_tribe_ticket_capacity":"0","_ticket_start_date":"","_ticket_end_date":"","_tribe_ticket_show_description":"","_tribe_ticket_show_not_going":false,"_tribe_ticket_use_global_stock":"","_tribe_ticket_global_stock_level":"","_global_stock_mode":"","_global_stock_cap":"","_tribe_rsvp_for_event":"","_tribe_ticket_going_count":"","_tribe_ticket_not_going_count":"","_tribe_tickets_list":"[]","_tribe_ticket_has_attendee_info_fields":false,"footnotes":"","_links_to":"","_links_to_target":""},"categories":[548,310,320,399,309],"tags":[],"class_list":["post-65509","post","type-post","status-publish","format-standard","has-post-thumbnail","hentry","category-ano-2022","category-destaque-grande","category-home","category-institucional","category-ultimas-noticias","entry","has-media"],"_links":{"self":[{"href":"https:\/\/crarn.org.br\/index.php?rest_route=\/wp\/v2\/posts\/65509","targetHints":{"allow":["GET"]}}],"collection":[{"href":"https:\/\/crarn.org.br\/index.php?rest_route=\/wp\/v2\/posts"}],"about":[{"href":"https:\/\/crarn.org.br\/index.php?rest_route=\/wp\/v2\/types\/post"}],"author":[{"embeddable":true,"href":"https:\/\/crarn.org.br\/index.php?rest_route=\/wp\/v2\/users\/26"}],"replies":[{"embeddable":true,"href":"https:\/\/crarn.org.br\/index.php?rest_route=%2Fwp%2Fv2%2Fcomments&post=65509"}],"version-history":[{"count":1,"href":"https:\/\/crarn.org.br\/index.php?rest_route=\/wp\/v2\/posts\/65509\/revisions"}],"predecessor-version":[{"id":65527,"href":"https:\/\/crarn.org.br\/index.php?rest_route=\/wp\/v2\/posts\/65509\/revisions\/65527"}],"wp:featuredmedia":[{"embeddable":true,"href":"https:\/\/crarn.org.br\/index.php?rest_route=\/wp\/v2\/media\/65526"}],"wp:attachment":[{"href":"https:\/\/crarn.org.br\/index.php?rest_route=%2Fwp%2Fv2%2Fmedia&parent=65509"}],"wp:term":[{"taxonomy":"category","embeddable":true,"href":"https:\/\/crarn.org.br\/index.php?rest_route=%2Fwp%2Fv2%2Fcategories&post=65509"},{"taxonomy":"post_tag","embeddable":true,"href":"https:\/\/crarn.org.br\/index.php?rest_route=%2Fwp%2Fv2%2Ftags&post=65509"}],"curies":[{"name":"wp","href":"https:\/\/api.w.org\/{rel}","templated":true}]}}