{"id":65503,"date":"2022-11-16T17:05:06","date_gmt":"2022-11-16T20:05:06","guid":{"rendered":"https:\/\/crarn.org.br\/?p=65503"},"modified":"2022-11-16T17:05:08","modified_gmt":"2022-11-16T20:05:08","slug":"cra-rn-no-i-encontro-de-gestao-da-facesa","status":"publish","type":"post","link":"https:\/\/crarn.org.br\/?p=65503","title":{"rendered":"CRA-RN no I Encontro de Gest\u00e3o da Facesa"},"content":{"rendered":"\n<p>Na \u00faltima sexta-feira (11\/11), o vice-presidente do CRA-RN, Adm. Rodrigo Fortunato, esteve em Assu, onde representou o regional no I Encontro de Gest\u00e3o da Facesa.<\/p>\n<p>No encontro, Rodrigo participou de mesa redonda com o contador e p\u00f3s-graduado em gest\u00e3o de empresas, Jo\u00e3o Paulo Medeiros, que representou os profissionais em contabilidade, em substitui\u00e7\u00e3o \u00e0 conselheira do CRC-RN, Radna Rayanne Medeiros Rocha, que n\u00e3o p\u00f4de comparecer ao evento.<\/p>\n<p>Durante a conversa, que teve como tema \u201cO papel e import\u00e2ncia dos administradores e contadores no mercado atual\u201d, e contou com muita intere\u00e7\u00e3o por parte dos presentes, o vice-presidente do CRA-RN falou sobre a profiss\u00e3o, sua trajet\u00f3ria pessoal e, o papel e a import\u00e2ncia do Conselho para os profissionais. O representante dos contabilistas falou tamb\u00e9m sobre a sua trajet\u00f3ria e o mercado de trabalho.<\/p>\n<p>O evento reuniu, ainda, as atividades do V CONAF &#8211; Congresso de Administra\u00e7\u00e3o e da III Semana de Contabilidade da FACESA.<\/p>\n<button class=\"simplefavorite-button\" data-postid=\"65503\" data-siteid=\"1\" data-groupid=\"1\" data-favoritecount=\"0\" style=\"\">Favorite <i class=\"sf-icon-star-empty\"><\/i><\/button>","protected":false},"excerpt":{"rendered":"<p>Na \u00faltima sexta-feira (11\/11), o vice-presidente do CRA-RN, Adm. Rodrigo Fortunato, esteve em Assu, onde representou o regional no I Encontro de Gest\u00e3o da Facesa. No encontro, Rodrigo participou de mesa redonda com o contador e p\u00f3s-graduado em gest\u00e3o de empresas, Jo\u00e3o Paulo Medeiros, que representou os profissionais em contabilidade, em substitui\u00e7\u00e3o \u00e0 conselheira do<a class=\"read-more\" href=\"https:\/\/crarn.org.br\/?p=65503\"> [&hellip;]<\/a><\/p>\n","protected":false},"author":26,"featured_media":65504,"comment_status":"closed","ping_status":"open","sticky":true,"template":"","format":"standard","meta":{"_price":"","_stock":"","_tribe_ticket_header":"","_tribe_default_ticket_provider":"","_tribe_ticket_capacity":"0","_ticket_start_date":"","_ticket_end_date":"","_tribe_ticket_show_description":"","_tribe_ticket_show_not_going":false,"_tribe_ticket_use_global_stock":"","_tribe_ticket_global_stock_level":"","_global_stock_mode":"","_global_stock_cap":"","_tribe_rsvp_for_event":"","_tribe_ticket_going_count":"","_tribe_ticket_not_going_count":"","_tribe_tickets_list":"[]","_tribe_ticket_has_attendee_info_fields":false,"footnotes":"","_links_to":"","_links_to_target":""},"categories":[548,311,320,399,1,309],"tags":[],"class_list":["post-65503","post","type-post","status-publish","format-standard","has-post-thumbnail","hentry","category-ano-2022","category-destaque-pequeno-superior","category-home","category-institucional","category-sem-categoria","category-ultimas-noticias","entry","has-media"],"_links":{"self":[{"href":"https:\/\/crarn.org.br\/index.php?rest_route=\/wp\/v2\/posts\/65503","targetHints":{"allow":["GET"]}}],"collection":[{"href":"https:\/\/crarn.org.br\/index.php?rest_route=\/wp\/v2\/posts"}],"about":[{"href":"https:\/\/crarn.org.br\/index.php?rest_route=\/wp\/v2\/types\/post"}],"author":[{"embeddable":true,"href":"https:\/\/crarn.org.br\/index.php?rest_route=\/wp\/v2\/users\/26"}],"replies":[{"embeddable":true,"href":"https:\/\/crarn.org.br\/index.php?rest_route=%2Fwp%2Fv2%2Fcomments&post=65503"}],"version-history":[{"count":1,"href":"https:\/\/crarn.org.br\/index.php?rest_route=\/wp\/v2\/posts\/65503\/revisions"}],"predecessor-version":[{"id":65505,"href":"https:\/\/crarn.org.br\/index.php?rest_route=\/wp\/v2\/posts\/65503\/revisions\/65505"}],"wp:featuredmedia":[{"embeddable":true,"href":"https:\/\/crarn.org.br\/index.php?rest_route=\/wp\/v2\/media\/65504"}],"wp:attachment":[{"href":"https:\/\/crarn.org.br\/index.php?rest_route=%2Fwp%2Fv2%2Fmedia&parent=65503"}],"wp:term":[{"taxonomy":"category","embeddable":true,"href":"https:\/\/crarn.org.br\/index.php?rest_route=%2Fwp%2Fv2%2Fcategories&post=65503"},{"taxonomy":"post_tag","embeddable":true,"href":"https:\/\/crarn.org.br\/index.php?rest_route=%2Fwp%2Fv2%2Ftags&post=65503"}],"curies":[{"name":"wp","href":"https:\/\/api.w.org\/{rel}","templated":true}]}}