{"id":65458,"date":"2022-10-10T12:51:13","date_gmt":"2022-10-10T15:51:13","guid":{"rendered":"https:\/\/crarn.org.br\/?p=65458"},"modified":"2022-10-10T12:53:25","modified_gmt":"2022-10-10T15:53:25","slug":"uma-boa-noticia-para-formandos-e-recem-formados","status":"publish","type":"post","link":"https:\/\/crarn.org.br\/?p=65458","title":{"rendered":"Uma boa not\u00edcia para formandos e rec\u00e9m-formados"},"content":{"rendered":"\n<p>O CRA-RN est\u00e1 com um grande incentivo para rec\u00e9m-formados e concluintes de curso de gradua\u00e7\u00e3o ou t\u00e9cnico em administra\u00e7\u00e3o e \u00e1reas correlatas.<\/p>\n\n\n\n<p>Quem fizer o registro profissional no Conselho em at\u00e9 90 dias, a contar da data da cola\u00e7\u00e3o de grau, ter\u00e1 isen\u00e7\u00e3o da anuidade atual e 50% de desconto no pagamento do ano seguinte.<\/p>\n\n\n\n<p>Para garantir a gratuidade da primeira anuidade e o desconto de 50% do ano seguinte, o rec\u00e9m-formado deve ficar atento ao prazo e solicitar seu registro profissional, online no site www.crarn.org.br, por meio do Autoatendimento \u2013 Servi\u00e7os Online \u2013 Pr\u00e9- cadastro. \u00c9 importante ter a documenta\u00e7\u00e3o em m\u00e3os e preencher as informa\u00e7\u00f5es solicitadas.<\/p>\n\n\n\n<p>O CRA-RN est\u00e1 com um grande incentivo para rec\u00e9m-formados e concluintes de curso de gradua\u00e7\u00e3o ou t\u00e9cnico em administra\u00e7\u00e3o e \u00e1reas correlatas.<\/p>\n<p>Quem fizer o registro profissional no Conselho em at\u00e9 90 dias, a contar da data da cola\u00e7\u00e3o de grau, ter\u00e1 isen\u00e7\u00e3o da anuidade atual e 50% de desconto no pagamento do ano seguinte.<\/p>\n<p>Para garantir a gratuidade da primeira anuidade e o desconto de 50% do ano seguinte, o rec\u00e9m-formado deve ficar atento ao prazo e solicitar seu registro profissional, online no site www.crarn.org.br, por meio do Autoatendimento \u2013 Servi\u00e7os Online \u2013 Pr\u00e9- cadastro. \u00c9 importante ter a documenta\u00e7\u00e3o em m\u00e3os e preencher as informa\u00e7\u00f5es solicitadas.<\/p>\n<button class=\"simplefavorite-button\" data-postid=\"65458\" data-siteid=\"1\" data-groupid=\"1\" data-favoritecount=\"0\" style=\"\">Favorite <i class=\"sf-icon-star-empty\"><\/i><\/button>","protected":false},"excerpt":{"rendered":"<p>O CRA-RN est\u00e1 com um grande incentivo para rec\u00e9m-formados e concluintes de curso de gradua\u00e7\u00e3o ou t\u00e9cnico em administra\u00e7\u00e3o e \u00e1reas correlatas. Quem fizer o registro profissional no Conselho em at\u00e9 90 dias, a contar da data da cola\u00e7\u00e3o de grau, ter\u00e1 isen\u00e7\u00e3o da anuidade atual e 50% de desconto no pagamento do ano seguinte.<a class=\"read-more\" href=\"https:\/\/crarn.org.br\/?p=65458\"> [&hellip;]<\/a><\/p>\n","protected":false},"author":26,"featured_media":65459,"comment_status":"closed","ping_status":"open","sticky":true,"template":"","format":"standard","meta":{"_price":"","_stock":"","_tribe_ticket_header":"","_tribe_default_ticket_provider":"","_tribe_ticket_capacity":"0","_ticket_start_date":"","_ticket_end_date":"","_tribe_ticket_show_description":"","_tribe_ticket_show_not_going":false,"_tribe_ticket_use_global_stock":"","_tribe_ticket_global_stock_level":"","_global_stock_mode":"","_global_stock_cap":"","_tribe_rsvp_for_event":"","_tribe_ticket_going_count":"","_tribe_ticket_not_going_count":"","_tribe_tickets_list":"[]","_tribe_ticket_has_attendee_info_fields":false,"footnotes":"","_links_to":"","_links_to_target":""},"categories":[548,310,311,320,399,309],"tags":[],"class_list":["post-65458","post","type-post","status-publish","format-standard","has-post-thumbnail","hentry","category-ano-2022","category-destaque-grande","category-destaque-pequeno-superior","category-home","category-institucional","category-ultimas-noticias","entry","has-media"],"_links":{"self":[{"href":"https:\/\/crarn.org.br\/index.php?rest_route=\/wp\/v2\/posts\/65458","targetHints":{"allow":["GET"]}}],"collection":[{"href":"https:\/\/crarn.org.br\/index.php?rest_route=\/wp\/v2\/posts"}],"about":[{"href":"https:\/\/crarn.org.br\/index.php?rest_route=\/wp\/v2\/types\/post"}],"author":[{"embeddable":true,"href":"https:\/\/crarn.org.br\/index.php?rest_route=\/wp\/v2\/users\/26"}],"replies":[{"embeddable":true,"href":"https:\/\/crarn.org.br\/index.php?rest_route=%2Fwp%2Fv2%2Fcomments&post=65458"}],"version-history":[{"count":1,"href":"https:\/\/crarn.org.br\/index.php?rest_route=\/wp\/v2\/posts\/65458\/revisions"}],"predecessor-version":[{"id":65460,"href":"https:\/\/crarn.org.br\/index.php?rest_route=\/wp\/v2\/posts\/65458\/revisions\/65460"}],"wp:featuredmedia":[{"embeddable":true,"href":"https:\/\/crarn.org.br\/index.php?rest_route=\/wp\/v2\/media\/65459"}],"wp:attachment":[{"href":"https:\/\/crarn.org.br\/index.php?rest_route=%2Fwp%2Fv2%2Fmedia&parent=65458"}],"wp:term":[{"taxonomy":"category","embeddable":true,"href":"https:\/\/crarn.org.br\/index.php?rest_route=%2Fwp%2Fv2%2Fcategories&post=65458"},{"taxonomy":"post_tag","embeddable":true,"href":"https:\/\/crarn.org.br\/index.php?rest_route=%2Fwp%2Fv2%2Ftags&post=65458"}],"curies":[{"name":"wp","href":"https:\/\/api.w.org\/{rel}","templated":true}]}}