{"id":65451,"date":"2022-10-07T13:14:03","date_gmt":"2022-10-07T16:14:03","guid":{"rendered":"https:\/\/crarn.org.br\/?p=65451"},"modified":"2022-10-07T13:14:08","modified_gmt":"2022-10-07T16:14:08","slug":"cfa-ouve-profissionais-de-administracao-para-mapear-perfil-profissional","status":"publish","type":"post","link":"https:\/\/crarn.org.br\/?p=65451","title":{"rendered":"CFA ouve Profissionais de Administra\u00e7\u00e3o para mapear perfil profissional"},"content":{"rendered":"\n<p>A 7\u00aa edi\u00e7\u00e3o da Pesquisa Nacional Perfil, Forma\u00e7\u00e3o, Atua\u00e7\u00e3o e Oportunidades de Trabalho dos Profissionais de Administra\u00e7\u00e3o segue na etapa de reuni\u00f5es de grupo (pesquisa qualitativa). Essa \u00e9 a terceira fase da primeira etapa do estudo, onde s\u00e3o ouvidos os Profissionais de Administra\u00e7\u00e3o (bachar\u00e9is e tecn\u00f3logos, registrados e n\u00e3o registrados do CRA), coordenadores\/professores de cursos de Administra\u00e7\u00e3o, al\u00e9m de entidades p\u00fablicas e privadas.<\/p>\n<p>O trabalho \u00e9 uma investiga\u00e7\u00e3o de opini\u00e3o, que costuma ser realizada pelo Sistema CFA\/CRAs de quatro em quatro anos, mas teve o prazo\u00a0 prolongado devido \u00e0 pandemia da Covid-19. A \u00faltima pesquisa foi realizada h\u00e1 sete anos, da\u00ed a import\u00e2ncia da continuidade.<\/p>\n<p>A nova edi\u00e7\u00e3o foi anunciada durante o Encontro de Professores e Coordenadores dos Cursos de Administra\u00e7\u00e3o, o EPROCAD, durante o XVII FIA \u2013 F\u00f3rum Internacional de Administra\u00e7\u00e3o, em Bel\u00e9m (PA). Segundo a diretora da C\u00e2mara de Forma\u00e7\u00e3o Profissional do CFA, Administradora Cl\u00e1udia Stadtlober, a pesquisa foi bem recebida entre os participantes.<\/p>\n<p>\u201cA gente sabe o quanto \u00e9 importante ter dados, ter pesquisas, ter evid\u00eancias para poder construir novos caminhos, melhorar alguma rota de atua\u00e7\u00e3o e, principalmente, cada vez mais desenvolver a \u00e1rea da Administra\u00e7\u00e3o.\u201d<\/p>\n<p>Esta \u00e9 a segunda vez que a pesquisa\u00a0 \u00e9 voltada, tamb\u00e9m, ao mapeamento do perfil dos profissionais Tecn\u00f3logos registrados. Por conta do novo coronav\u00edrus, a etapa atual de reuni\u00f5es de grupo foi adaptada para a modalidade virtual, de forma a garantir a seguran\u00e7a sanit\u00e1ria e a participa\u00e7\u00e3o de todos, como explica a diretora, Adm. Cl\u00e1udia Stadtlober.<\/p>\n<p>\u201c\u00c9 fundamental a participa\u00e7\u00e3o de todos os colegas da \u00e1rea de Administra\u00e7\u00e3o a n\u00edvel nacional, para termos esse olhar sobre o perfil dos profissionais que est\u00e3o atuando na \u00e1rea de Gest\u00e3o e, assim, termos o melhor indicativo que nos auxilie no processo de melhoria e qualifica\u00e7\u00e3o do Sistema como um todo.\u201d<\/p>\n<p><strong>Adequa\u00e7\u00e3o<\/strong><\/p>\n<p>O Censo da Educa\u00e7\u00e3o Superior de 2020 (Inep) demonstrou que, entre os estudantes de cursos de gradua\u00e7\u00e3o, mais de um milh\u00e3o estudavam Administra\u00e7\u00e3o\/Gest\u00e3o. No mesmo ano, o Minist\u00e9rio da Educa\u00e7\u00e3o determinou a adequa\u00e7\u00e3o dos projetos pedag\u00f3gicos, para garantir a oferta de atividades pr\u00e1ticas supervisionadas em car\u00e1ter obrigat\u00f3rio.<\/p>\n<p>Por isso, a Pesquisa Nacional, realizada em parceria com a Funda\u00e7\u00e3o Instituto de Administra\u00e7\u00e3o (FIA), visa identificar tend\u00eancias e interpretar cen\u00e1rios relacionados ao exerc\u00edcio de atividades nos campos da Administra\u00e7\u00e3o.<\/p>\n<p>Ao todo, ser\u00e3o duas etapas: pesquisas explorat\u00f3rias e qualitativas, com tr\u00eas fases; e pesquisas quantitativas, com uma fase. O estudo teve in\u00edcio em 15 de agosto e a previs\u00e3o de conclus\u00e3o \u00e9 mar\u00e7o de 2023. Ser\u00e3o ouvidos Administradores, Tecn\u00f3logos, Gestores, Mestres e Doutores em Administra\u00e7\u00e3o.<\/p>\n<p>A etapa quantitativa (via internet) ser\u00e1 realizada mediante preenchimento de question\u00e1rios eletr\u00f4nicos, com perguntas fechadas, considerando o p\u00fablico-alvo da pesquisa.\u00a0<\/p>\n<p>\u00a0<\/p>\n<p><strong>Relat\u00f3rio<\/strong><\/p>\n<p>Os resultados da pesquisa ser\u00e3o disponibilizados no portal do CFA para teleprocessamentos via internet. As conclus\u00f5es do estudo e as recomenda\u00e7\u00f5es no que se refere \u00e0s consequ\u00eancias desej\u00e1veis para o trabalho, como propostas ou projetos estrat\u00e9gicos que visem contribuir para a inser\u00e7\u00e3o e perman\u00eancia do Administrador e do Tecn\u00f3logo em Administra\u00e7\u00e3o no mercado de trabalho, constar\u00e3o da publica\u00e7\u00e3o Sum\u00e1rio Executivo, que tamb\u00e9m ser\u00e1 disponibilizada no site do CFA ao fim do estudo.<\/p>\n<p>\u00a0<\/p>\n<p>Patr\u00edcia Portales\u00a0 \u00a0 \u00a0 \u00a0 \u00a0 \u00a0 \u00a0 \u00a0 \u00a0 \u00a0 \u00a0 \u00a0 \u00a0 \u00a0 \u00a0 \u00a0 \u00a0 \u00a0 \u00a0 \u00a0 \u00a0 \u00a0 \u00a0 \u00a0 \u00a0 \u00a0 \u00a0 \u00a0 \u00a0 \u00a0 \u00a0 \u00a0 \u00a0 \u00a0 \u00a0 \u00a0 \u00a0 \u00a0 \u00a0 \u00a0 \u00a0 \u00a0 \u00a0 \u00a0 \u00a0 \u00a0 \u00a0 \u00a0 \u00a0 \u00a0 \u00a0 \u00a0 \u00a0 \u00a0 \u00a0 \u00a0 \u00a0 \u00a0 \u00a0 \u00a0 \u00a0 \u00a0 \u00a0 \u00a0 \u00a0 \u00a0 \u00a0 \u00a0 \u00a0 \u00a0 \u00a0 \u00a0 \u00a0 \u00a0 \u00a0 \u00a0 \u00a0 \u00a0 \u00a0 \u00a0 \u00a0 \u00a0 \u00a0 \u00a0 \u00a0 \u00a0 \u00a0 \u00a0 \u00a0 \u00a0 \u00a0 \u00a0 \u00a0 \u00a0 \u00a0 \u00a0 \u00a0 \u00a0 \u00a0 \u00a0 \u00a0 \u00a0 \u00a0 \u00a0 \u00a0 \u00a0 Assessoria de Comunica\u00e7\u00e3o do CFA<\/p>\n<p>\u00a0<\/p>\n<p>\u00a0<\/p>\n<button class=\"simplefavorite-button\" data-postid=\"65451\" data-siteid=\"1\" data-groupid=\"1\" data-favoritecount=\"0\" style=\"\">Favorite <i class=\"sf-icon-star-empty\"><\/i><\/button>","protected":false},"excerpt":{"rendered":"<p>A 7\u00aa edi\u00e7\u00e3o da Pesquisa Nacional Perfil, Forma\u00e7\u00e3o, Atua\u00e7\u00e3o e Oportunidades de Trabalho dos Profissionais de Administra\u00e7\u00e3o segue na etapa de reuni\u00f5es de grupo (pesquisa qualitativa). Essa \u00e9 a terceira fase da primeira etapa do estudo, onde s\u00e3o ouvidos os Profissionais de Administra\u00e7\u00e3o (bachar\u00e9is e tecn\u00f3logos, registrados e n\u00e3o registrados do CRA), coordenadores\/professores de cursos<a class=\"read-more\" href=\"https:\/\/crarn.org.br\/?p=65451\"> [&hellip;]<\/a><\/p>\n","protected":false},"author":26,"featured_media":65452,"comment_status":"closed","ping_status":"open","sticky":true,"template":"","format":"standard","meta":{"_price":"","_stock":"","_tribe_ticket_header":"","_tribe_default_ticket_provider":"","_tribe_ticket_capacity":"0","_ticket_start_date":"","_ticket_end_date":"","_tribe_ticket_show_description":"","_tribe_ticket_show_not_going":false,"_tribe_ticket_use_global_stock":"","_tribe_ticket_global_stock_level":"","_global_stock_mode":"","_global_stock_cap":"","_tribe_rsvp_for_event":"","_tribe_ticket_going_count":"","_tribe_ticket_not_going_count":"","_tribe_tickets_list":"[]","_tribe_ticket_has_attendee_info_fields":false,"footnotes":"","_links_to":"","_links_to_target":""},"categories":[548,426,311,320,309],"tags":[],"class_list":["post-65451","post","type-post","status-publish","format-standard","has-post-thumbnail","hentry","category-ano-2022","category-cfa","category-destaque-pequeno-superior","category-home","category-ultimas-noticias","entry","has-media"],"_links":{"self":[{"href":"https:\/\/crarn.org.br\/index.php?rest_route=\/wp\/v2\/posts\/65451","targetHints":{"allow":["GET"]}}],"collection":[{"href":"https:\/\/crarn.org.br\/index.php?rest_route=\/wp\/v2\/posts"}],"about":[{"href":"https:\/\/crarn.org.br\/index.php?rest_route=\/wp\/v2\/types\/post"}],"author":[{"embeddable":true,"href":"https:\/\/crarn.org.br\/index.php?rest_route=\/wp\/v2\/users\/26"}],"replies":[{"embeddable":true,"href":"https:\/\/crarn.org.br\/index.php?rest_route=%2Fwp%2Fv2%2Fcomments&post=65451"}],"version-history":[{"count":1,"href":"https:\/\/crarn.org.br\/index.php?rest_route=\/wp\/v2\/posts\/65451\/revisions"}],"predecessor-version":[{"id":65453,"href":"https:\/\/crarn.org.br\/index.php?rest_route=\/wp\/v2\/posts\/65451\/revisions\/65453"}],"wp:featuredmedia":[{"embeddable":true,"href":"https:\/\/crarn.org.br\/index.php?rest_route=\/wp\/v2\/media\/65452"}],"wp:attachment":[{"href":"https:\/\/crarn.org.br\/index.php?rest_route=%2Fwp%2Fv2%2Fmedia&parent=65451"}],"wp:term":[{"taxonomy":"category","embeddable":true,"href":"https:\/\/crarn.org.br\/index.php?rest_route=%2Fwp%2Fv2%2Fcategories&post=65451"},{"taxonomy":"post_tag","embeddable":true,"href":"https:\/\/crarn.org.br\/index.php?rest_route=%2Fwp%2Fv2%2Ftags&post=65451"}],"curies":[{"name":"wp","href":"https:\/\/api.w.org\/{rel}","templated":true}]}}