{"id":65412,"date":"2022-09-28T17:33:58","date_gmt":"2022-09-28T20:33:58","guid":{"rendered":"https:\/\/crarn.org.br\/?p=65412"},"modified":"2022-09-28T17:34:01","modified_gmt":"2022-09-28T20:34:01","slug":"cra-rn-intermedia-painel-do-xvii-forum-internacional-de-administracao","status":"publish","type":"post","link":"https:\/\/crarn.org.br\/?p=65412","title":{"rendered":"CRA-RN intermedia painel do XVII F\u00f3rum Internacional de Administra\u00e7\u00e3o"},"content":{"rendered":"\n<p>Na manh\u00e3 desta quarta-feira (28\/09), o presidente do CRA-RN, Adm. Fl\u00e1vio Em\u00edlio Cavalcant,i participou como mediador do painel \u201cAtra\u00e7\u00e3o, desenvolvimento e reten\u00e7\u00e3o de colaboradores Adm+\u201d, apresentado durante o XVII F\u00f3rum Internacional de Administra\u00e7\u00e3o, \u00a0promovido pelo CFA, em Bel\u00e9m do Par\u00e1.<\/p>\n<p>De acordo com o IBGE, o n\u00famero de brasileiros acima de 60 anos deve mais que dobrar nos pr\u00f3ximos 30 anos. Para lidar com esta realidade, o painel prop\u00f4s uma reflex\u00e3o sobre a fun\u00e7\u00e3o estrat\u00e9gica dos Recursos humanos e das responsabilidades com que a gest\u00e3o de pessoas precisa estar focada.<\/p>\n<p>Participaram como painelistas, presencialmente, o profissional de Administra\u00e7\u00e3o e Superintendente Global do IBRE\/FGV-RJ, T\u00falio Barbosa e, online, o Administrador e Consultor no Uruguai e M\u00e9xico, Daniel Reboredo, que apresentaram suas vis\u00f5es pessoais e das organiza\u00e7\u00f5es e pa\u00edses de origem, de forma a aflorar a diversidade sobre a vis\u00e3o do tema.<\/p>\n<p>Para Fl\u00e1vio Em\u00edlio, o tema do painel veio em um momento muito oportuno, de retomada, de aquecimento da atividade econ\u00f4mica e que coloca os profissionais acima de 60 anos em um grande ponto de tomada de decis\u00e3o, de como atuar em um mercado em constante reinven\u00e7\u00e3o e interagindo com profissionais de outra gera\u00e7\u00e3o. \u201c\u00c9 um debate extremamente bem-vindo, em um momento em que a gest\u00e3o procura, cada vez mais, abrir espa\u00e7o para este p\u00fablico que est\u00e1 em franca expans\u00e3o. Foi muito gratificante participar desta discuss\u00e3o t\u00e3o necess\u00e1ria para os administradores e com uma plateia t\u00e3o engajada\u201d, concluiu.<\/p>\n<p>\u00a0<\/p>\n<button class=\"simplefavorite-button\" data-postid=\"65412\" data-siteid=\"1\" data-groupid=\"1\" data-favoritecount=\"0\" style=\"\">Favorite <i class=\"sf-icon-star-empty\"><\/i><\/button>","protected":false},"excerpt":{"rendered":"<p>Na manh\u00e3 desta quarta-feira (28\/09), o presidente do CRA-RN, Adm. Fl\u00e1vio Em\u00edlio Cavalcant,i participou como mediador do painel \u201cAtra\u00e7\u00e3o, desenvolvimento e reten\u00e7\u00e3o de colaboradores Adm+\u201d, apresentado durante o XVII F\u00f3rum Internacional de Administra\u00e7\u00e3o, \u00a0promovido pelo CFA, em Bel\u00e9m do Par\u00e1. De acordo com o IBGE, o n\u00famero de brasileiros acima de 60 anos deve mais<a class=\"read-more\" href=\"https:\/\/crarn.org.br\/?p=65412\"> [&hellip;]<\/a><\/p>\n","protected":false},"author":26,"featured_media":65413,"comment_status":"closed","ping_status":"open","sticky":true,"template":"","format":"standard","meta":{"_price":"","_stock":"","_tribe_ticket_header":"","_tribe_default_ticket_provider":"","_tribe_ticket_capacity":"0","_ticket_start_date":"","_ticket_end_date":"","_tribe_ticket_show_description":"","_tribe_ticket_show_not_going":false,"_tribe_ticket_use_global_stock":"","_tribe_ticket_global_stock_level":"","_global_stock_mode":"","_global_stock_cap":"","_tribe_rsvp_for_event":"","_tribe_ticket_going_count":"","_tribe_ticket_not_going_count":"","_tribe_tickets_list":"[]","_tribe_ticket_has_attendee_info_fields":false,"footnotes":"","_links_to":"","_links_to_target":""},"categories":[548,310,320,399,309],"tags":[],"class_list":["post-65412","post","type-post","status-publish","format-standard","has-post-thumbnail","hentry","category-ano-2022","category-destaque-grande","category-home","category-institucional","category-ultimas-noticias","entry","has-media"],"_links":{"self":[{"href":"https:\/\/crarn.org.br\/index.php?rest_route=\/wp\/v2\/posts\/65412","targetHints":{"allow":["GET"]}}],"collection":[{"href":"https:\/\/crarn.org.br\/index.php?rest_route=\/wp\/v2\/posts"}],"about":[{"href":"https:\/\/crarn.org.br\/index.php?rest_route=\/wp\/v2\/types\/post"}],"author":[{"embeddable":true,"href":"https:\/\/crarn.org.br\/index.php?rest_route=\/wp\/v2\/users\/26"}],"replies":[{"embeddable":true,"href":"https:\/\/crarn.org.br\/index.php?rest_route=%2Fwp%2Fv2%2Fcomments&post=65412"}],"version-history":[{"count":1,"href":"https:\/\/crarn.org.br\/index.php?rest_route=\/wp\/v2\/posts\/65412\/revisions"}],"predecessor-version":[{"id":65414,"href":"https:\/\/crarn.org.br\/index.php?rest_route=\/wp\/v2\/posts\/65412\/revisions\/65414"}],"wp:featuredmedia":[{"embeddable":true,"href":"https:\/\/crarn.org.br\/index.php?rest_route=\/wp\/v2\/media\/65413"}],"wp:attachment":[{"href":"https:\/\/crarn.org.br\/index.php?rest_route=%2Fwp%2Fv2%2Fmedia&parent=65412"}],"wp:term":[{"taxonomy":"category","embeddable":true,"href":"https:\/\/crarn.org.br\/index.php?rest_route=%2Fwp%2Fv2%2Fcategories&post=65412"},{"taxonomy":"post_tag","embeddable":true,"href":"https:\/\/crarn.org.br\/index.php?rest_route=%2Fwp%2Fv2%2Ftags&post=65412"}],"curies":[{"name":"wp","href":"https:\/\/api.w.org\/{rel}","templated":true}]}}