{"id":65404,"date":"2022-09-27T15:57:23","date_gmt":"2022-09-27T18:57:23","guid":{"rendered":"https:\/\/crarn.org.br\/?p=65404"},"modified":"2022-09-27T15:57:26","modified_gmt":"2022-09-27T18:57:26","slug":"cra-rn-participa-da-posse-da-nova-diretoria-do-crp-17","status":"publish","type":"post","link":"https:\/\/crarn.org.br\/?p=65404","title":{"rendered":"CRA-RN participa da posse da nova diretoria do CRP-17"},"content":{"rendered":"\n<p>O novo plen\u00e1rio do Conselho Regional de Psicologia da 17\u00aa Regi\u00e3o \u2013 CRP-17\/RN, tomou posse na noite desta segunda-feira (26\/09), com a presen\u00e7a da diretora de Forma\u00e7\u00e3o Profissional do CRA-RN, Adm. Isabella Mendon\u00e7a, representando o regional.<\/p>\n<p>Na ocasi\u00e3o, tomaram posse a nova presidente, Psic. Keila Mafalda Amorim e demais conselheiros que formam o VI Plen\u00e1rio para o Tri\u00eanio 2022-2025.<\/p>\n<p>A solenidade contou ainda com a participa\u00e7\u00e3o do presidente do Conselho Regional de Medicina do RN, Dr. Marcos J\u00e1come e representantes dos Conselhos Regionais de Nutri\u00e7\u00e3o e de Contabilidade do RN.<\/p>\n<button class=\"simplefavorite-button\" data-postid=\"65404\" data-siteid=\"1\" data-groupid=\"1\" data-favoritecount=\"0\" style=\"\">Favorite <i class=\"sf-icon-star-empty\"><\/i><\/button>","protected":false},"excerpt":{"rendered":"<p>O novo plen\u00e1rio do Conselho Regional de Psicologia da 17\u00aa Regi\u00e3o \u2013 CRP-17\/RN, tomou posse na noite desta segunda-feira (26\/09), com a presen\u00e7a da diretora de Forma\u00e7\u00e3o Profissional do CRA-RN, Adm. Isabella Mendon\u00e7a, representando o regional. Na ocasi\u00e3o, tomaram posse a nova presidente, Psic. Keila Mafalda Amorim e demais conselheiros que formam o VI Plen\u00e1rio<a class=\"read-more\" href=\"https:\/\/crarn.org.br\/?p=65404\"> [&hellip;]<\/a><\/p>\n","protected":false},"author":26,"featured_media":65406,"comment_status":"closed","ping_status":"open","sticky":true,"template":"","format":"standard","meta":{"_price":"","_stock":"","_tribe_ticket_header":"","_tribe_default_ticket_provider":"","_tribe_ticket_capacity":"0","_ticket_start_date":"","_ticket_end_date":"","_tribe_ticket_show_description":"","_tribe_ticket_show_not_going":false,"_tribe_ticket_use_global_stock":"","_tribe_ticket_global_stock_level":"","_global_stock_mode":"","_global_stock_cap":"","_tribe_rsvp_for_event":"","_tribe_ticket_going_count":"","_tribe_ticket_not_going_count":"","_tribe_tickets_list":"[]","_tribe_ticket_has_attendee_info_fields":false,"footnotes":"","_links_to":"","_links_to_target":""},"categories":[548,320,399,309],"tags":[],"class_list":["post-65404","post","type-post","status-publish","format-standard","has-post-thumbnail","hentry","category-ano-2022","category-home","category-institucional","category-ultimas-noticias","entry","has-media"],"_links":{"self":[{"href":"https:\/\/crarn.org.br\/index.php?rest_route=\/wp\/v2\/posts\/65404","targetHints":{"allow":["GET"]}}],"collection":[{"href":"https:\/\/crarn.org.br\/index.php?rest_route=\/wp\/v2\/posts"}],"about":[{"href":"https:\/\/crarn.org.br\/index.php?rest_route=\/wp\/v2\/types\/post"}],"author":[{"embeddable":true,"href":"https:\/\/crarn.org.br\/index.php?rest_route=\/wp\/v2\/users\/26"}],"replies":[{"embeddable":true,"href":"https:\/\/crarn.org.br\/index.php?rest_route=%2Fwp%2Fv2%2Fcomments&post=65404"}],"version-history":[{"count":1,"href":"https:\/\/crarn.org.br\/index.php?rest_route=\/wp\/v2\/posts\/65404\/revisions"}],"predecessor-version":[{"id":65407,"href":"https:\/\/crarn.org.br\/index.php?rest_route=\/wp\/v2\/posts\/65404\/revisions\/65407"}],"wp:featuredmedia":[{"embeddable":true,"href":"https:\/\/crarn.org.br\/index.php?rest_route=\/wp\/v2\/media\/65406"}],"wp:attachment":[{"href":"https:\/\/crarn.org.br\/index.php?rest_route=%2Fwp%2Fv2%2Fmedia&parent=65404"}],"wp:term":[{"taxonomy":"category","embeddable":true,"href":"https:\/\/crarn.org.br\/index.php?rest_route=%2Fwp%2Fv2%2Fcategories&post=65404"},{"taxonomy":"post_tag","embeddable":true,"href":"https:\/\/crarn.org.br\/index.php?rest_route=%2Fwp%2Fv2%2Ftags&post=65404"}],"curies":[{"name":"wp","href":"https:\/\/api.w.org\/{rel}","templated":true}]}}