{"id":65381,"date":"2022-09-23T12:39:07","date_gmt":"2022-09-23T15:39:07","guid":{"rendered":"https:\/\/crarn.org.br\/?p=65381"},"modified":"2022-09-23T14:23:34","modified_gmt":"2022-09-23T17:23:34","slug":"contagem-regressiva-para-o-maior-evento-mundial-da-administracao","status":"publish","type":"post","link":"https:\/\/crarn.org.br\/?p=65381","title":{"rendered":"Contagem regressiva para o maior evento mundial da Administra\u00e7\u00e3o"},"content":{"rendered":"\n<p>Faltam poucos dias para o maior encontro dos profissionais de Administra\u00e7\u00e3o. Mais de mil pessoas s\u00e3o esperadas em Bel\u00e9m do Par\u00e1, entre os dias 26 e 28 de setembro, no XVII F\u00f3rum Internacional de Administra\u00e7\u00e3o.\u00a0<\/p>\n<p>Quem n\u00e3o puder participar do evento presencialmente,\u00a0 pode se inscrever para\u00a0 acompanhar as atividades de forma online no site <a href=\"https:\/\/www.fia.org.br\/\" target=\"_blank\" rel=\"noopener\">www.fia.org.br.<\/a>\u00a0<\/p>\n<p>O diretor da C\u00e2mara de Rela\u00e7\u00f5es Internacionais e Eventos e conselheiro por Minas Gerais do Conselho Federal de Administra\u00e7\u00e3o, o administrador Gilmar Camargo garante que o evento vai se aprofundar em tem\u00e1ticas cuidadosamente selecionadas.\u00a0<\/p>\n<blockquote>\n<p>\u201cO prop\u00f3sito do D\u00e9cimo S\u00e9timo FIA \u00e9 debater a Ci\u00eancia da Administra\u00e7\u00e3o sob a \u00c9gide da \u00c9tica, Sustentabilidade e Governan\u00e7a, partindo de uma vis\u00e3o geral da sociedade que, neste caso, vai estar na palestra de abertura com o fil\u00f3sofo e historiador Leandro Karnal passando pela discuss\u00e3o de cada um desses elementos\u00a0 com tr\u00eas pain\u00e9is,\u00a0 abrindo e fechando a programa\u00e7\u00e3o de cada dia\u201d.<\/p>\n<\/blockquote>\n<p>A solenidade de abertura est\u00e1 marcada para as 19h de segunda-feira, 26 de setembro. Nos dias 27 e 28, no per\u00edodo diurno, a tem\u00e1tica central do FIA vai ser debatida em pain\u00e9is com foco em segmentos representativos da Administra\u00e7\u00e3o.<\/p>\n<blockquote>\n<p>\u201cEnt\u00e3o n\u00f3s teremos F\u00f3rum dos Jovens Profissionais de Administra\u00e7\u00e3o, o F\u00f3rum de Profissionais de Administra\u00e7\u00e3o +, aqueles com mais de 50 anos,\u00a0 o\u00a0 Encontro de Professores, coordenadores e dirigentes de faculdades de Administra\u00e7\u00e3o, F\u00f3rum de Mulheres da Administra\u00e7\u00e3o e o\u00a0 F\u00f3rum de Gest\u00e3o P\u00fablica. Todos esses f\u00f3runs setoriais ou f\u00f3runs de segmentos da Administra\u00e7\u00e3o v\u00e3o debater tem\u00e1ticas espec\u00edficas derivadas do tema principal com palestrantes do Par\u00e1, de outros estados do Brasil e Internacionais\u201d, afirma Gilmar Camargo<\/p>\n<\/blockquote>\n<p>Ao todo ser\u00e3o duas palestras, uma de abertura e uma de fechamento; 20 pain\u00e9is, 23 estandes empresariais, institucionais e 10 bancadas de pequenos empreendedores. O FIA \u00e9 organizado e realizado pelo Conselho Federal de Administra\u00e7\u00e3o e pelo Conselho Regional do Par\u00e1, com co realiza\u00e7\u00e3o do Sebrae do Par\u00e1, copatroc\u00ednio dos CRAs do Cear\u00e1, Distrito Federal, Minas Gerais,\u00a0 Mato Grosso do Sul e Mato Grosso, al\u00e9m do apoio institucional da Fecom\u00e9rcio, Sesc, Senac, CRAS e da RIADM \u2013 Rede Internacional de Administra\u00e7\u00e3o.<\/p>\n<p>Denise Coelho<br \/>Rep\u00f3rter R\u00e1dio ADM<\/p>\n<div class=\"addtoany_share_save_container addtoany_content addtoany_content_bottom\">\n<div class=\"a2a_kit a2a_kit_size_32 addtoany_list\" data-a2a-url=\"https:\/\/cfa.org.br\/contagem-regressiva-para-o-maior-evento-mundial-da-administracao\/\" data-a2a-title=\"Contagem regressiva para o maior evento mundial da Administra\u00e7\u00e3o\">\u00a0<\/div>\n<\/div>\n<button class=\"simplefavorite-button\" data-postid=\"65381\" data-siteid=\"1\" data-groupid=\"1\" data-favoritecount=\"0\" style=\"\">Favorite <i class=\"sf-icon-star-empty\"><\/i><\/button>","protected":false},"excerpt":{"rendered":"<p>Faltam poucos dias para o maior encontro dos profissionais de Administra\u00e7\u00e3o. Mais de mil pessoas s\u00e3o esperadas em Bel\u00e9m do Par\u00e1, entre os dias 26 e 28 de setembro, no XVII F\u00f3rum Internacional de Administra\u00e7\u00e3o.\u00a0 Quem n\u00e3o puder participar do evento presencialmente,\u00a0 pode se inscrever para\u00a0 acompanhar as atividades de forma online no site www.fia.org.br.\u00a0<a class=\"read-more\" href=\"https:\/\/crarn.org.br\/?p=65381\"> [&hellip;]<\/a><\/p>\n","protected":false},"author":26,"featured_media":65382,"comment_status":"closed","ping_status":"open","sticky":true,"template":"","format":"standard","meta":{"_price":"","_stock":"","_tribe_ticket_header":"","_tribe_default_ticket_provider":"","_tribe_ticket_capacity":"0","_ticket_start_date":"","_ticket_end_date":"","_tribe_ticket_show_description":"","_tribe_ticket_show_not_going":false,"_tribe_ticket_use_global_stock":"","_tribe_ticket_global_stock_level":"","_global_stock_mode":"","_global_stock_cap":"","_tribe_rsvp_for_event":"","_tribe_ticket_going_count":"","_tribe_ticket_not_going_count":"","_tribe_tickets_list":"[]","_tribe_ticket_has_attendee_info_fields":false,"footnotes":"","_links_to":"","_links_to_target":""},"categories":[548,426,310,320,309],"tags":[],"class_list":["post-65381","post","type-post","status-publish","format-standard","has-post-thumbnail","hentry","category-ano-2022","category-cfa","category-destaque-grande","category-home","category-ultimas-noticias","entry","has-media"],"_links":{"self":[{"href":"https:\/\/crarn.org.br\/index.php?rest_route=\/wp\/v2\/posts\/65381","targetHints":{"allow":["GET"]}}],"collection":[{"href":"https:\/\/crarn.org.br\/index.php?rest_route=\/wp\/v2\/posts"}],"about":[{"href":"https:\/\/crarn.org.br\/index.php?rest_route=\/wp\/v2\/types\/post"}],"author":[{"embeddable":true,"href":"https:\/\/crarn.org.br\/index.php?rest_route=\/wp\/v2\/users\/26"}],"replies":[{"embeddable":true,"href":"https:\/\/crarn.org.br\/index.php?rest_route=%2Fwp%2Fv2%2Fcomments&post=65381"}],"version-history":[{"count":3,"href":"https:\/\/crarn.org.br\/index.php?rest_route=\/wp\/v2\/posts\/65381\/revisions"}],"predecessor-version":[{"id":65385,"href":"https:\/\/crarn.org.br\/index.php?rest_route=\/wp\/v2\/posts\/65381\/revisions\/65385"}],"wp:featuredmedia":[{"embeddable":true,"href":"https:\/\/crarn.org.br\/index.php?rest_route=\/wp\/v2\/media\/65382"}],"wp:attachment":[{"href":"https:\/\/crarn.org.br\/index.php?rest_route=%2Fwp%2Fv2%2Fmedia&parent=65381"}],"wp:term":[{"taxonomy":"category","embeddable":true,"href":"https:\/\/crarn.org.br\/index.php?rest_route=%2Fwp%2Fv2%2Fcategories&post=65381"},{"taxonomy":"post_tag","embeddable":true,"href":"https:\/\/crarn.org.br\/index.php?rest_route=%2Fwp%2Fv2%2Ftags&post=65381"}],"curies":[{"name":"wp","href":"https:\/\/api.w.org\/{rel}","templated":true}]}}