{"id":65374,"date":"2022-09-20T16:43:28","date_gmt":"2022-09-20T19:43:28","guid":{"rendered":"https:\/\/crarn.org.br\/?p=65374"},"modified":"2022-09-23T12:55:32","modified_gmt":"2022-09-23T15:55:32","slug":"cra-rn-realiza-plenaria-de-setembro","status":"publish","type":"post","link":"https:\/\/crarn.org.br\/?p=65374","title":{"rendered":"CRA-RN realiza plen\u00e1ria de setembro"},"content":{"rendered":"\n<p>Na manh\u00e3 desta ter\u00e7a-feira (20\/09), a diretoria e conselheiros do CRA-RN reuniram-se, presencialmente, na plen\u00e1ria do m\u00eas de setembro, quando deliberaram sobre v\u00e1rios assuntos de interesse da profiss\u00e3o.<\/p>\n<p>Ap\u00f3s abrir a reuni\u00e3o e apresentar seus pontos da pauta, o presidente, Adm. Fl\u00e1vio Em\u00edlio Cavalcanti, passou a palavra para a diretoria pronunciar-se quanto aos demais assuntos e foi seguido pelo vice-presidente, Adm. Rodrigo Fortunato, diretora Administrativo Financeira, Adm. Kate Maciel, diretor de Fiscaliza\u00e7\u00e3o e Registro, Adm. Diego Dantas e diretora de Forma\u00e7\u00e3o Profissional, Adm. Isabella Mendon\u00e7a.<\/p>\n<p>Entre os principais t\u00f3picos estavam a participa\u00e7\u00e3o dos representantes do CRA-RN no F\u00f3rum Internacional de Administra\u00e7\u00e3o, em Bel\u00e9m do Par\u00e1; reuni\u00e3o do regional com servidores da Secretaria Estadual de Sa\u00fade; Projeto Espa\u00e7o ADM; licita\u00e7\u00e3o para manuten\u00e7\u00e3o da sede; participa\u00e7\u00e3o do regional no planejamento da ELI &#8211; Ecossistema Local de Inova\u00e7\u00e3o junto com o SEBRAE; resultados da fiscaliza\u00e7\u00e3o; avalia\u00e7\u00e3o dos eventos comemorativos pelo dia do Profissional de Administra\u00e7\u00e3o; curso de RT; projeto Desenvolve ADM e as elei\u00e7\u00f5es do Sistema CFA\/CRAs.<\/p>\n<p>Al\u00e9m do presidente e diretoria, participaram os conselheiros efetivos, Adm. C\u00e9lia Ribeiro, Adm. Nivaldo Pessoa, Adm. Pablo Phorlan, Adm. Zen\u00f3bio Pereira e, ainda a conselheira suplente, Adm. Adrina de Souza.<\/p>\n<p>\u00a0<\/p>\n<button class=\"simplefavorite-button\" data-postid=\"65374\" data-siteid=\"1\" data-groupid=\"1\" data-favoritecount=\"0\" style=\"\">Favorite <i class=\"sf-icon-star-empty\"><\/i><\/button>","protected":false},"excerpt":{"rendered":"<p>Na manh\u00e3 desta ter\u00e7a-feira (20\/09), a diretoria e conselheiros do CRA-RN reuniram-se, presencialmente, na plen\u00e1ria do m\u00eas de setembro, quando deliberaram sobre v\u00e1rios assuntos de interesse da profiss\u00e3o. Ap\u00f3s abrir a reuni\u00e3o e apresentar seus pontos da pauta, o presidente, Adm. Fl\u00e1vio Em\u00edlio Cavalcanti, passou a palavra para a diretoria pronunciar-se quanto aos demais assuntos<a class=\"read-more\" href=\"https:\/\/crarn.org.br\/?p=65374\"> [&hellip;]<\/a><\/p>\n","protected":false},"author":26,"featured_media":65377,"comment_status":"closed","ping_status":"open","sticky":false,"template":"","format":"standard","meta":{"_price":"","_stock":"","_tribe_ticket_header":"","_tribe_default_ticket_provider":"","_tribe_ticket_capacity":"0","_ticket_start_date":"","_ticket_end_date":"","_tribe_ticket_show_description":"","_tribe_ticket_show_not_going":false,"_tribe_ticket_use_global_stock":"","_tribe_ticket_global_stock_level":"","_global_stock_mode":"","_global_stock_cap":"","_tribe_rsvp_for_event":"","_tribe_ticket_going_count":"","_tribe_ticket_not_going_count":"","_tribe_tickets_list":"[]","_tribe_ticket_has_attendee_info_fields":false,"footnotes":"","_links_to":"","_links_to_target":""},"categories":[548,320,309],"tags":[],"class_list":["post-65374","post","type-post","status-publish","format-standard","has-post-thumbnail","hentry","category-ano-2022","category-home","category-ultimas-noticias","entry","has-media"],"_links":{"self":[{"href":"https:\/\/crarn.org.br\/index.php?rest_route=\/wp\/v2\/posts\/65374","targetHints":{"allow":["GET"]}}],"collection":[{"href":"https:\/\/crarn.org.br\/index.php?rest_route=\/wp\/v2\/posts"}],"about":[{"href":"https:\/\/crarn.org.br\/index.php?rest_route=\/wp\/v2\/types\/post"}],"author":[{"embeddable":true,"href":"https:\/\/crarn.org.br\/index.php?rest_route=\/wp\/v2\/users\/26"}],"replies":[{"embeddable":true,"href":"https:\/\/crarn.org.br\/index.php?rest_route=%2Fwp%2Fv2%2Fcomments&post=65374"}],"version-history":[{"count":3,"href":"https:\/\/crarn.org.br\/index.php?rest_route=\/wp\/v2\/posts\/65374\/revisions"}],"predecessor-version":[{"id":65380,"href":"https:\/\/crarn.org.br\/index.php?rest_route=\/wp\/v2\/posts\/65374\/revisions\/65380"}],"wp:featuredmedia":[{"embeddable":true,"href":"https:\/\/crarn.org.br\/index.php?rest_route=\/wp\/v2\/media\/65377"}],"wp:attachment":[{"href":"https:\/\/crarn.org.br\/index.php?rest_route=%2Fwp%2Fv2%2Fmedia&parent=65374"}],"wp:term":[{"taxonomy":"category","embeddable":true,"href":"https:\/\/crarn.org.br\/index.php?rest_route=%2Fwp%2Fv2%2Fcategories&post=65374"},{"taxonomy":"post_tag","embeddable":true,"href":"https:\/\/crarn.org.br\/index.php?rest_route=%2Fwp%2Fv2%2Ftags&post=65374"}],"curies":[{"name":"wp","href":"https:\/\/api.w.org\/{rel}","templated":true}]}}