{"id":65253,"date":"2022-09-06T14:32:12","date_gmt":"2022-09-06T17:32:12","guid":{"rendered":"https:\/\/crarn.org.br\/?p=65253"},"modified":"2022-09-06T14:45:29","modified_gmt":"2022-09-06T17:45:29","slug":"cra-rn-comemora-dia-do-profissional-de-administracao-em-caico","status":"publish","type":"post","link":"https:\/\/crarn.org.br\/?p=65253","title":{"rendered":"CRA-RN comemora Dia do Profissional de Administra\u00e7\u00e3o em Caic\u00f3"},"content":{"rendered":"\n<p>O CRA-RN abriu a agenda comemorativa pela passagem do Dia do Profissional de Administra\u00e7\u00e3o, na noite desta segunda-feira (05\/09), com o Projeto Mobiliza ADM, no audit\u00f3rio do CDL, em Caic\u00f3<\/p>\n<p>O conselho promoveu palestras com o presidente do CRA-RN, Adm. Fl\u00e1vio Em\u00edlio Cavalcanti, com o tema \u201cOutras profiss\u00f5es na \u00e1rea de Administra\u00e7\u00e3o: como enfrentar essa realidade?\u201d; com o vice-presidente, Adm. Rodrigo Fortunato, sobre \u201cO que vem a ser Adm?\u201d e, finalizou com o conselheiro, Adm. Pablo Phorlan, que abordou a \u201cGest\u00e3o Estrat\u00e9gica de Carreira\u201d.<\/p>\n<p>As palestras contaram com a presen\u00e7a de um bom n\u00famero de profissionais e estudantes de Caic\u00f3 e outras cidades da regi\u00e3o do Serid\u00f3.<\/p>\n<p>\u00a0<\/p>\n<p>\u00a0<\/p>\n\n\n\n<div class=\"wp-block-group\"><div class=\"wp-block-group__inner-container is-layout-flow wp-block-group-is-layout-flow\">\n<figure class=\"wp-block-image size-large is-resized\"><img fetchpriority=\"high\" decoding=\"async\" src=\"https:\/\/crarn.org.br\/wp-content\/uploads\/2022\/09\/18a-1024x576.jpg\" alt=\"\" class=\"wp-image-65257\" width=\"439\" height=\"246\" srcset=\"https:\/\/crarn.org.br\/wp-content\/uploads\/2022\/09\/18a-1024x576.jpg 1024w, https:\/\/crarn.org.br\/wp-content\/uploads\/2022\/09\/18a-300x169.jpg 300w, https:\/\/crarn.org.br\/wp-content\/uploads\/2022\/09\/18a-768x432.jpg 768w, https:\/\/crarn.org.br\/wp-content\/uploads\/2022\/09\/18a-800x450.jpg 800w, https:\/\/crarn.org.br\/wp-content\/uploads\/2022\/09\/18a.jpg 1156w\" sizes=\"(max-width: 439px) 100vw, 439px\" \/><\/figure>\n\n\n\n<figure class=\"wp-block-image size-large is-resized\"><img decoding=\"async\" src=\"https:\/\/crarn.org.br\/wp-content\/uploads\/2022\/09\/14a-1-1024x575.jpg\" alt=\"\" class=\"wp-image-65262\" width=\"433\" height=\"242\" srcset=\"https:\/\/crarn.org.br\/wp-content\/uploads\/2022\/09\/14a-1-1024x575.jpg 1024w, https:\/\/crarn.org.br\/wp-content\/uploads\/2022\/09\/14a-1-300x169.jpg 300w, https:\/\/crarn.org.br\/wp-content\/uploads\/2022\/09\/14a-1-1536x863.jpg 1536w, https:\/\/crarn.org.br\/wp-content\/uploads\/2022\/09\/14a-1.jpg 1600w\" sizes=\"(max-width: 433px) 100vw, 433px\" \/><\/figure>\n<\/div><\/div>\n\n\n<button class=\"simplefavorite-button\" data-postid=\"65253\" data-siteid=\"1\" data-groupid=\"1\" data-favoritecount=\"0\" style=\"\">Favorite <i class=\"sf-icon-star-empty\"><\/i><\/button>","protected":false},"excerpt":{"rendered":"<p>O CRA-RN abriu a agenda comemorativa pela passagem do Dia do Profissional de Administra\u00e7\u00e3o, na noite desta segunda-feira (05\/09), com o Projeto Mobiliza ADM, no audit\u00f3rio do CDL, em Caic\u00f3 O conselho promoveu palestras com o presidente do CRA-RN, Adm. Fl\u00e1vio Em\u00edlio Cavalcanti, com o tema \u201cOutras profiss\u00f5es na \u00e1rea de Administra\u00e7\u00e3o: como enfrentar essa<a class=\"read-more\" href=\"https:\/\/crarn.org.br\/?p=65253\"> [&hellip;]<\/a><\/p>\n","protected":false},"author":26,"featured_media":65254,"comment_status":"closed","ping_status":"open","sticky":true,"template":"","format":"standard","meta":{"_price":"","_stock":"","_tribe_ticket_header":"","_tribe_default_ticket_provider":"","_tribe_ticket_capacity":"0","_ticket_start_date":"","_ticket_end_date":"","_tribe_ticket_show_description":"","_tribe_ticket_show_not_going":false,"_tribe_ticket_use_global_stock":"","_tribe_ticket_global_stock_level":"","_global_stock_mode":"","_global_stock_cap":"","_tribe_rsvp_for_event":"","_tribe_ticket_going_count":"","_tribe_ticket_not_going_count":"","_tribe_tickets_list":"[]","_tribe_ticket_has_attendee_info_fields":false,"footnotes":"","_links_to":"","_links_to_target":""},"categories":[548,310,320,399,309],"tags":[],"class_list":["post-65253","post","type-post","status-publish","format-standard","has-post-thumbnail","hentry","category-ano-2022","category-destaque-grande","category-home","category-institucional","category-ultimas-noticias","entry","has-media"],"_links":{"self":[{"href":"https:\/\/crarn.org.br\/index.php?rest_route=\/wp\/v2\/posts\/65253","targetHints":{"allow":["GET"]}}],"collection":[{"href":"https:\/\/crarn.org.br\/index.php?rest_route=\/wp\/v2\/posts"}],"about":[{"href":"https:\/\/crarn.org.br\/index.php?rest_route=\/wp\/v2\/types\/post"}],"author":[{"embeddable":true,"href":"https:\/\/crarn.org.br\/index.php?rest_route=\/wp\/v2\/users\/26"}],"replies":[{"embeddable":true,"href":"https:\/\/crarn.org.br\/index.php?rest_route=%2Fwp%2Fv2%2Fcomments&post=65253"}],"version-history":[{"count":3,"href":"https:\/\/crarn.org.br\/index.php?rest_route=\/wp\/v2\/posts\/65253\/revisions"}],"predecessor-version":[{"id":65263,"href":"https:\/\/crarn.org.br\/index.php?rest_route=\/wp\/v2\/posts\/65253\/revisions\/65263"}],"wp:featuredmedia":[{"embeddable":true,"href":"https:\/\/crarn.org.br\/index.php?rest_route=\/wp\/v2\/media\/65254"}],"wp:attachment":[{"href":"https:\/\/crarn.org.br\/index.php?rest_route=%2Fwp%2Fv2%2Fmedia&parent=65253"}],"wp:term":[{"taxonomy":"category","embeddable":true,"href":"https:\/\/crarn.org.br\/index.php?rest_route=%2Fwp%2Fv2%2Fcategories&post=65253"},{"taxonomy":"post_tag","embeddable":true,"href":"https:\/\/crarn.org.br\/index.php?rest_route=%2Fwp%2Fv2%2Ftags&post=65253"}],"curies":[{"name":"wp","href":"https:\/\/api.w.org\/{rel}","templated":true}]}}