{"id":65231,"date":"2022-09-01T12:42:43","date_gmt":"2022-09-01T15:42:43","guid":{"rendered":"https:\/\/crarn.org.br\/?p=65231"},"modified":"2022-09-01T12:42:46","modified_gmt":"2022-09-01T15:42:46","slug":"desenvolve-adm-volta-com-destaque","status":"publish","type":"post","link":"https:\/\/crarn.org.br\/?p=65231","title":{"rendered":"Desenvolve ADM volta com destaque"},"content":{"rendered":"\n<p>O retorno presencial do projeto Desenvolve ADM, a\u00e7\u00e3o da diretoria de Forma\u00e7\u00e3o Profissional do CRA-RN, a cargo da Adm. Isabella Mendon\u00e7a, veio com for\u00e7a total, na noite desta quarta-feira (31\/08).<\/p>\n<p>A palestra sobre \u201cOs ODS e as Oportunidades de Neg\u00f3cios para os Profissionais de Administra\u00e7\u00e3o, com a Administradora, professora do Departamento de Ci\u00eancias Administrativas\/UFRN e Gestora de Planejamento do SENAC, Adm. Paula Serafini, trouxe um bom n\u00famero de profissionais \u00e0 sede do regional.<\/p>\n<p>Ao dar as boas-vindas aos participantes e \u00e0 convidada, o presidente do CRA-RN, Adm. Fl\u00e1vio Em\u00edlio Cavalcanti, destacou a felicidade em promover novamente os eventos presenciais, falou sobre a programa\u00e7\u00e3o do m\u00eas do Administrador e convidou a todos para participarem das atividades.<\/p>\n<p>A palestrante come\u00e7ou deu in\u00edcio fazendo um retrospecto de sua forma\u00e7\u00e3o profissional, as atividades, experi\u00eancias, publica\u00e7\u00f5es e o seu prop\u00f3sito.<\/p>\n<p>Em seguida, tra\u00e7ou um hist\u00f3rico sobre as ODSs, os atores, pilares de atua\u00e7\u00e3o, iniciativas do Pacto Global e as oportunidades profissionais e exemplos de empresas que j\u00e1 desenvolvem as pr\u00e1ticas pilares do ESG.<\/p>\n<p>Ao final, deixou sua mensagem de que \u201cdesenvolver estrat\u00e9gias mais articuladas e coordenadas ir\u00e3o estimular empresas e institui\u00e7\u00f5es a elaborarem cada vez mais planejamentos estrat\u00e9gicos alinhados \u00e0s pr\u00e1ticas e iniciativas globais.\u201d<\/p>\n<button class=\"simplefavorite-button\" data-postid=\"65231\" data-siteid=\"1\" data-groupid=\"1\" data-favoritecount=\"0\" style=\"\">Favorite <i class=\"sf-icon-star-empty\"><\/i><\/button>","protected":false},"excerpt":{"rendered":"<p>O retorno presencial do projeto Desenvolve ADM, a\u00e7\u00e3o da diretoria de Forma\u00e7\u00e3o Profissional do CRA-RN, a cargo da Adm. Isabella Mendon\u00e7a, veio com for\u00e7a total, na noite desta quarta-feira (31\/08). A palestra sobre \u201cOs ODS e as Oportunidades de Neg\u00f3cios para os Profissionais de Administra\u00e7\u00e3o, com a Administradora, professora do Departamento de Ci\u00eancias Administrativas\/UFRN e<a class=\"read-more\" href=\"https:\/\/crarn.org.br\/?p=65231\"> [&hellip;]<\/a><\/p>\n","protected":false},"author":26,"featured_media":65232,"comment_status":"closed","ping_status":"open","sticky":true,"template":"","format":"standard","meta":{"_price":"","_stock":"","_tribe_ticket_header":"","_tribe_default_ticket_provider":"","_tribe_ticket_capacity":"0","_ticket_start_date":"","_ticket_end_date":"","_tribe_ticket_show_description":"","_tribe_ticket_show_not_going":false,"_tribe_ticket_use_global_stock":"","_tribe_ticket_global_stock_level":"","_global_stock_mode":"","_global_stock_cap":"","_tribe_rsvp_for_event":"","_tribe_ticket_going_count":"","_tribe_ticket_not_going_count":"","_tribe_tickets_list":"[]","_tribe_ticket_has_attendee_info_fields":false,"footnotes":"","_links_to":"","_links_to_target":""},"categories":[548,310,320,399,309],"tags":[],"class_list":["post-65231","post","type-post","status-publish","format-standard","has-post-thumbnail","hentry","category-ano-2022","category-destaque-grande","category-home","category-institucional","category-ultimas-noticias","entry","has-media"],"_links":{"self":[{"href":"https:\/\/crarn.org.br\/index.php?rest_route=\/wp\/v2\/posts\/65231","targetHints":{"allow":["GET"]}}],"collection":[{"href":"https:\/\/crarn.org.br\/index.php?rest_route=\/wp\/v2\/posts"}],"about":[{"href":"https:\/\/crarn.org.br\/index.php?rest_route=\/wp\/v2\/types\/post"}],"author":[{"embeddable":true,"href":"https:\/\/crarn.org.br\/index.php?rest_route=\/wp\/v2\/users\/26"}],"replies":[{"embeddable":true,"href":"https:\/\/crarn.org.br\/index.php?rest_route=%2Fwp%2Fv2%2Fcomments&post=65231"}],"version-history":[{"count":1,"href":"https:\/\/crarn.org.br\/index.php?rest_route=\/wp\/v2\/posts\/65231\/revisions"}],"predecessor-version":[{"id":65233,"href":"https:\/\/crarn.org.br\/index.php?rest_route=\/wp\/v2\/posts\/65231\/revisions\/65233"}],"wp:featuredmedia":[{"embeddable":true,"href":"https:\/\/crarn.org.br\/index.php?rest_route=\/wp\/v2\/media\/65232"}],"wp:attachment":[{"href":"https:\/\/crarn.org.br\/index.php?rest_route=%2Fwp%2Fv2%2Fmedia&parent=65231"}],"wp:term":[{"taxonomy":"category","embeddable":true,"href":"https:\/\/crarn.org.br\/index.php?rest_route=%2Fwp%2Fv2%2Fcategories&post=65231"},{"taxonomy":"post_tag","embeddable":true,"href":"https:\/\/crarn.org.br\/index.php?rest_route=%2Fwp%2Fv2%2Ftags&post=65231"}],"curies":[{"name":"wp","href":"https:\/\/api.w.org\/{rel}","templated":true}]}}