{"id":65008,"date":"2022-08-26T15:17:11","date_gmt":"2022-08-26T18:17:11","guid":{"rendered":"https:\/\/crarn.org.br\/?p=65008"},"modified":"2022-08-26T15:17:14","modified_gmt":"2022-08-26T18:17:14","slug":"cra-rn-comemora-o-dia-do-profissional-de-administracao-2","status":"publish","type":"post","link":"https:\/\/crarn.org.br\/?p=65008","title":{"rendered":"CRA-RN comemora o Dia do Profissional de Administra\u00e7\u00e3o"},"content":{"rendered":"\n<p>No dia 09 de setembro \u00e9 comemorado o Dia do Profissional de Administra\u00e7\u00e3o e para comemorar a data, o CRA-RN promove um evento especial, no audit\u00f3rio da FIERN.<\/p>\n<p>A programa\u00e7\u00e3o inclui palestras com o administrador e diretor da Pulse Academia, Hor\u00e1cio Oliveira com o tema \u201cCultura focada no encantamento do cliente &#8211; como a PULSE chegou ao n\u00famero 1 no ranking mundial de academias?\u201d; com o administrador, CEO da Bfelix Consultoria Ltda e diretor de Comunica\u00e7\u00e3o e MKT da CDL Natal, Bruno F\u00e9lix sobre \u201cMarketing 1.0 ao 5.0: transforma\u00e7\u00e3o digital e comportamento de consumo, o que ainda temos para 2022\u201d e com a administradora, mentora e treinadora de l\u00edderes e empreendedores, Tha\u00eds Barbosa, que abordar\u00e1 o tema \u201cMudar exige coragem\u201d.<\/p>\n<p>Ap\u00f3s as palestras haver\u00e1 um momento de networking.<\/p>\n<p>Fa\u00e7a logo a inscri\u00e7\u00e3o e garanta a sua vaga!<\/p>\n<p>\u00a0<\/p>\n<p>Data: 09\/09\/2022<\/p>\n<p>Hora: 18h30<\/p>\n<p>Local: Audit\u00f3rio Albano Franco \u2013 FIERN<\/p>\n<p>Inscri\u00e7\u00f5es:  (gratuitas)<\/p>\n<button class=\"simplefavorite-button\" data-postid=\"65008\" data-siteid=\"1\" data-groupid=\"1\" data-favoritecount=\"1\" style=\"\">Favorite <i class=\"sf-icon-star-empty\"><\/i><\/button>","protected":false},"excerpt":{"rendered":"<p>No dia 09 de setembro \u00e9 comemorado o Dia do Profissional de Administra\u00e7\u00e3o e para comemorar a data, o CRA-RN promove um evento especial, no audit\u00f3rio da FIERN. A programa\u00e7\u00e3o inclui palestras com o administrador e diretor da Pulse Academia, Hor\u00e1cio Oliveira com o tema \u201cCultura focada no encantamento do cliente &#8211; como a PULSE<a class=\"read-more\" href=\"https:\/\/crarn.org.br\/?p=65008\"> [&hellip;]<\/a><\/p>\n","protected":false},"author":26,"featured_media":65009,"comment_status":"closed","ping_status":"open","sticky":true,"template":"","format":"standard","meta":{"_price":"","_stock":"","_tribe_ticket_header":"","_tribe_default_ticket_provider":"","_tribe_ticket_capacity":"0","_ticket_start_date":"","_ticket_end_date":"","_tribe_ticket_show_description":"","_tribe_ticket_show_not_going":false,"_tribe_ticket_use_global_stock":"","_tribe_ticket_global_stock_level":"","_global_stock_mode":"","_global_stock_cap":"","_tribe_rsvp_for_event":"","_tribe_ticket_going_count":"","_tribe_ticket_not_going_count":"","_tribe_tickets_list":"[]","_tribe_ticket_has_attendee_info_fields":false,"footnotes":"","_links_to":"","_links_to_target":""},"categories":[548,310,399,309],"tags":[],"class_list":["post-65008","post","type-post","status-publish","format-standard","has-post-thumbnail","hentry","category-ano-2022","category-destaque-grande","category-institucional","category-ultimas-noticias","entry","has-media"],"_links":{"self":[{"href":"https:\/\/crarn.org.br\/index.php?rest_route=\/wp\/v2\/posts\/65008","targetHints":{"allow":["GET"]}}],"collection":[{"href":"https:\/\/crarn.org.br\/index.php?rest_route=\/wp\/v2\/posts"}],"about":[{"href":"https:\/\/crarn.org.br\/index.php?rest_route=\/wp\/v2\/types\/post"}],"author":[{"embeddable":true,"href":"https:\/\/crarn.org.br\/index.php?rest_route=\/wp\/v2\/users\/26"}],"replies":[{"embeddable":true,"href":"https:\/\/crarn.org.br\/index.php?rest_route=%2Fwp%2Fv2%2Fcomments&post=65008"}],"version-history":[{"count":1,"href":"https:\/\/crarn.org.br\/index.php?rest_route=\/wp\/v2\/posts\/65008\/revisions"}],"predecessor-version":[{"id":65010,"href":"https:\/\/crarn.org.br\/index.php?rest_route=\/wp\/v2\/posts\/65008\/revisions\/65010"}],"wp:featuredmedia":[{"embeddable":true,"href":"https:\/\/crarn.org.br\/index.php?rest_route=\/wp\/v2\/media\/65009"}],"wp:attachment":[{"href":"https:\/\/crarn.org.br\/index.php?rest_route=%2Fwp%2Fv2%2Fmedia&parent=65008"}],"wp:term":[{"taxonomy":"category","embeddable":true,"href":"https:\/\/crarn.org.br\/index.php?rest_route=%2Fwp%2Fv2%2Fcategories&post=65008"},{"taxonomy":"post_tag","embeddable":true,"href":"https:\/\/crarn.org.br\/index.php?rest_route=%2Fwp%2Fv2%2Ftags&post=65008"}],"curies":[{"name":"wp","href":"https:\/\/api.w.org\/{rel}","templated":true}]}}