{"id":64996,"date":"2022-08-16T15:07:27","date_gmt":"2022-08-16T18:07:27","guid":{"rendered":"https:\/\/crarn.org.br\/?p=64996"},"modified":"2022-08-16T15:07:30","modified_gmt":"2022-08-16T18:07:30","slug":"atualize-seu-cadastro-no-cra-rn-e-participe-das-eleicoes-do-sistema","status":"publish","type":"post","link":"https:\/\/crarn.org.br\/?p=64996","title":{"rendered":"Atualize seu cadastro no CRA-RN e participe das Elei\u00e7\u00f5es do Sistema"},"content":{"rendered":"\n<p>O Conselho Federal de Administra\u00e7\u00e3o (CFA) realizar\u00e1, em novembro deste ano, as Elei\u00e7\u00f5es do Sistema CFA\/CRAs. O pleito de 2022 renovar\u00e1 2\/3 dos conselheiros federais e regionais.<\/p>\n<p>Os profissionais de administra\u00e7\u00e3o registrados precisam atualizar seus dados cadastrais junto ao CRA-RN, at\u00e9 o dia 29 de setembro, para a forma\u00e7\u00e3o do col\u00e9gio eleitoral. \u00c9 por meio desse cadastro que o CFA envia, por e-mail ou SMS, as orienta\u00e7\u00f5es sobre as elei\u00e7\u00f5es.<\/p>\n<p>Quem pode votar?<\/p>\n<p>Profissionais de Administra\u00e7\u00e3o registrados e que estiverem adimplentes, em pleno gozo de seus direitos e integrando o Col\u00e9gio Eleitoral constitu\u00eddo at\u00e9 o dia definido no Calend\u00e1rio Eleitoral.<\/p>\n<p>Os dados podem ser atualizados pelo autoatendimento no site do CRA-RN atrav\u00e9s do link .<\/p>\n<p>O calend\u00e1rio eleitoral completo e as informa\u00e7\u00f5es est\u00e3o dispon\u00edveis no site do CFA no .<\/p>\n<p>\u00a0<\/p>\n<button class=\"simplefavorite-button\" data-postid=\"64996\" data-siteid=\"1\" data-groupid=\"1\" data-favoritecount=\"0\" style=\"\">Favorite <i class=\"sf-icon-star-empty\"><\/i><\/button>","protected":false},"excerpt":{"rendered":"<p>O Conselho Federal de Administra\u00e7\u00e3o (CFA) realizar\u00e1, em novembro deste ano, as Elei\u00e7\u00f5es do Sistema CFA\/CRAs. O pleito de 2022 renovar\u00e1 2\/3 dos conselheiros federais e regionais. Os profissionais de administra\u00e7\u00e3o registrados precisam atualizar seus dados cadastrais junto ao CRA-RN, at\u00e9 o dia 29 de setembro, para a forma\u00e7\u00e3o do col\u00e9gio eleitoral. \u00c9 por meio<a class=\"read-more\" href=\"https:\/\/crarn.org.br\/?p=64996\"> [&hellip;]<\/a><\/p>\n","protected":false},"author":26,"featured_media":64997,"comment_status":"closed","ping_status":"open","sticky":true,"template":"","format":"standard","meta":{"_price":"","_stock":"","_tribe_ticket_header":"","_tribe_default_ticket_provider":"","_tribe_ticket_capacity":"0","_ticket_start_date":"","_ticket_end_date":"","_tribe_ticket_show_description":"","_tribe_ticket_show_not_going":false,"_tribe_ticket_use_global_stock":"","_tribe_ticket_global_stock_level":"","_global_stock_mode":"","_global_stock_cap":"","_tribe_rsvp_for_event":"","_tribe_ticket_going_count":"","_tribe_ticket_not_going_count":"","_tribe_tickets_list":"[]","_tribe_ticket_has_attendee_info_fields":false,"footnotes":"","_links_to":"","_links_to_target":""},"categories":[548,310,320,399,309],"tags":[],"class_list":["post-64996","post","type-post","status-publish","format-standard","has-post-thumbnail","hentry","category-ano-2022","category-destaque-grande","category-home","category-institucional","category-ultimas-noticias","entry","has-media"],"_links":{"self":[{"href":"https:\/\/crarn.org.br\/index.php?rest_route=\/wp\/v2\/posts\/64996","targetHints":{"allow":["GET"]}}],"collection":[{"href":"https:\/\/crarn.org.br\/index.php?rest_route=\/wp\/v2\/posts"}],"about":[{"href":"https:\/\/crarn.org.br\/index.php?rest_route=\/wp\/v2\/types\/post"}],"author":[{"embeddable":true,"href":"https:\/\/crarn.org.br\/index.php?rest_route=\/wp\/v2\/users\/26"}],"replies":[{"embeddable":true,"href":"https:\/\/crarn.org.br\/index.php?rest_route=%2Fwp%2Fv2%2Fcomments&post=64996"}],"version-history":[{"count":1,"href":"https:\/\/crarn.org.br\/index.php?rest_route=\/wp\/v2\/posts\/64996\/revisions"}],"predecessor-version":[{"id":64998,"href":"https:\/\/crarn.org.br\/index.php?rest_route=\/wp\/v2\/posts\/64996\/revisions\/64998"}],"wp:featuredmedia":[{"embeddable":true,"href":"https:\/\/crarn.org.br\/index.php?rest_route=\/wp\/v2\/media\/64997"}],"wp:attachment":[{"href":"https:\/\/crarn.org.br\/index.php?rest_route=%2Fwp%2Fv2%2Fmedia&parent=64996"}],"wp:term":[{"taxonomy":"category","embeddable":true,"href":"https:\/\/crarn.org.br\/index.php?rest_route=%2Fwp%2Fv2%2Fcategories&post=64996"},{"taxonomy":"post_tag","embeddable":true,"href":"https:\/\/crarn.org.br\/index.php?rest_route=%2Fwp%2Fv2%2Ftags&post=64996"}],"curies":[{"name":"wp","href":"https:\/\/api.w.org\/{rel}","templated":true}]}}