{"id":64963,"date":"2022-07-28T15:23:36","date_gmt":"2022-07-28T18:23:36","guid":{"rendered":"https:\/\/crarn.org.br\/?p=64963"},"modified":"2022-07-28T15:23:39","modified_gmt":"2022-07-28T18:23:39","slug":"presidente-do-cra-rn-participa-de-forum-do-cfa","status":"publish","type":"post","link":"https:\/\/crarn.org.br\/?p=64963","title":{"rendered":"Presidente do CRA-RN participa de F\u00f3rum do CFA"},"content":{"rendered":"\n<p>O Conselho Federal de Administra\u00e7\u00e3o est\u00e1 realizando, nesta quinta e sexta-feira, em Bras\u00edlia, a segunda edi\u00e7\u00e3o de 2022 do F\u00f3rum de Presidentes, reunindo os gestores dos 27 regionais do pa\u00eds.<\/p>\n<p>O presidente do CRA-RN, Adm. Fl\u00e1vio Em\u00edlio Cavalcanti, est\u00e1 participando do encontro, em que est\u00e3o sendo discutidos temas importantes para os profissionais e a administra\u00e7\u00e3o, como: registro, fiscaliza\u00e7\u00e3o, forma\u00e7\u00e3o, gest\u00e3o financeira, moderniza\u00e7\u00e3o\/inova\u00e7\u00e3o, FIA, elei\u00e7\u00f5es do Sistema.<\/p>\n<p>A reuni\u00e3o est\u00e1 sendo realizada no ParlaMundi Centro de Conven\u00e7\u00f5es.<\/p>\n<p>\u00a0<\/p>\n<button class=\"simplefavorite-button\" data-postid=\"64963\" data-siteid=\"1\" data-groupid=\"1\" data-favoritecount=\"0\" style=\"\">Favorite <i class=\"sf-icon-star-empty\"><\/i><\/button>","protected":false},"excerpt":{"rendered":"<p>O Conselho Federal de Administra\u00e7\u00e3o est\u00e1 realizando, nesta quinta e sexta-feira, em Bras\u00edlia, a segunda edi\u00e7\u00e3o de 2022 do F\u00f3rum de Presidentes, reunindo os gestores dos 27 regionais do pa\u00eds. O presidente do CRA-RN, Adm. Fl\u00e1vio Em\u00edlio Cavalcanti, est\u00e1 participando do encontro, em que est\u00e3o sendo discutidos temas importantes para os profissionais e a administra\u00e7\u00e3o,<a class=\"read-more\" href=\"https:\/\/crarn.org.br\/?p=64963\"> [&hellip;]<\/a><\/p>\n","protected":false},"author":26,"featured_media":64964,"comment_status":"closed","ping_status":"open","sticky":true,"template":"","format":"standard","meta":{"_price":"","_stock":"","_tribe_ticket_header":"","_tribe_default_ticket_provider":"","_tribe_ticket_capacity":"0","_ticket_start_date":"","_ticket_end_date":"","_tribe_ticket_show_description":"","_tribe_ticket_show_not_going":false,"_tribe_ticket_use_global_stock":"","_tribe_ticket_global_stock_level":"","_global_stock_mode":"","_global_stock_cap":"","_tribe_rsvp_for_event":"","_tribe_ticket_going_count":"","_tribe_ticket_not_going_count":"","_tribe_tickets_list":"[]","_tribe_ticket_has_attendee_info_fields":false,"footnotes":"","_links_to":"","_links_to_target":""},"categories":[548,310,320,399,309],"tags":[],"class_list":["post-64963","post","type-post","status-publish","format-standard","has-post-thumbnail","hentry","category-ano-2022","category-destaque-grande","category-home","category-institucional","category-ultimas-noticias","entry","has-media"],"_links":{"self":[{"href":"https:\/\/crarn.org.br\/index.php?rest_route=\/wp\/v2\/posts\/64963","targetHints":{"allow":["GET"]}}],"collection":[{"href":"https:\/\/crarn.org.br\/index.php?rest_route=\/wp\/v2\/posts"}],"about":[{"href":"https:\/\/crarn.org.br\/index.php?rest_route=\/wp\/v2\/types\/post"}],"author":[{"embeddable":true,"href":"https:\/\/crarn.org.br\/index.php?rest_route=\/wp\/v2\/users\/26"}],"replies":[{"embeddable":true,"href":"https:\/\/crarn.org.br\/index.php?rest_route=%2Fwp%2Fv2%2Fcomments&post=64963"}],"version-history":[{"count":1,"href":"https:\/\/crarn.org.br\/index.php?rest_route=\/wp\/v2\/posts\/64963\/revisions"}],"predecessor-version":[{"id":64965,"href":"https:\/\/crarn.org.br\/index.php?rest_route=\/wp\/v2\/posts\/64963\/revisions\/64965"}],"wp:featuredmedia":[{"embeddable":true,"href":"https:\/\/crarn.org.br\/index.php?rest_route=\/wp\/v2\/media\/64964"}],"wp:attachment":[{"href":"https:\/\/crarn.org.br\/index.php?rest_route=%2Fwp%2Fv2%2Fmedia&parent=64963"}],"wp:term":[{"taxonomy":"category","embeddable":true,"href":"https:\/\/crarn.org.br\/index.php?rest_route=%2Fwp%2Fv2%2Fcategories&post=64963"},{"taxonomy":"post_tag","embeddable":true,"href":"https:\/\/crarn.org.br\/index.php?rest_route=%2Fwp%2Fv2%2Ftags&post=64963"}],"curies":[{"name":"wp","href":"https:\/\/api.w.org\/{rel}","templated":true}]}}