{"id":64945,"date":"2022-07-15T13:11:58","date_gmt":"2022-07-15T16:11:58","guid":{"rendered":"https:\/\/crarn.org.br\/?p=64945"},"modified":"2022-07-16T12:49:28","modified_gmt":"2022-07-16T15:49:28","slug":"cra-rn-reune-representantes-em-santana-do-matos","status":"publish","type":"post","link":"https:\/\/crarn.org.br\/?p=64945","title":{"rendered":"CRA-RN re\u00fane representantes em Santana do Matos"},"content":{"rendered":"\n<p>Na tarde desta quinta-feira (14\/07), o Conselho Regional de Administra\u00e7\u00e3o do RN, promoveu o I Encontro de Representantes do CRA-RN, no munic\u00edpio de Santana do Matos, no cora\u00e7\u00e3o do estado.<\/p>\n<p>O presidente do regional, Adm. Fl\u00e1vio Em\u00edlio Cavalcanti e o vice-presidente, Adm. Rodrigo Fortunato, comandaram o evento que foi realizado na C\u00e2mara Municipal da cidade.<\/p>\n<p>A programa\u00e7\u00e3o incluiu apresenta\u00e7\u00f5es do presidente, do vice e do diretor de Fiscaliza\u00e7\u00e3o e Registro, Adm. Di\u00eago Dantas, sobre os Avan\u00e7os e Projetos da Gest\u00e3o 21\/22; Import\u00e2ncia do CRA-RN e IGM-CFA, al\u00e9m de homenagens aos representantes, que receberam um trof\u00e9u e falaram aos presentes.<\/p>\n<p>Participaram do encontro, a delegada da seccional de Mossor\u00f3, Adm. M\u00e9rcia Barreto e os representantes do Serid\u00f3 Ocidental, Adm. Pablo Phorlan; Agreste Litoral Sul Potiguar, Adm. Vin\u00edcius Figueredo; M\u00e9dio Oeste, Adm. Cassiano Gurgel e Vale do Assu, Adm. Alysson Ara\u00fajo.<\/p>\n<button class=\"simplefavorite-button\" data-postid=\"64945\" data-siteid=\"1\" data-groupid=\"1\" data-favoritecount=\"0\" style=\"\">Favorite <i class=\"sf-icon-star-empty\"><\/i><\/button>","protected":false},"excerpt":{"rendered":"<p>Na tarde desta quinta-feira (14\/07), o Conselho Regional de Administra\u00e7\u00e3o do RN, promoveu o I Encontro de Representantes do CRA-RN, no munic\u00edpio de Santana do Matos, no cora\u00e7\u00e3o do estado. O presidente do regional, Adm. Fl\u00e1vio Em\u00edlio Cavalcanti e o vice-presidente, Adm. Rodrigo Fortunato, comandaram o evento que foi realizado na C\u00e2mara Municipal da cidade.<a class=\"read-more\" href=\"https:\/\/crarn.org.br\/?p=64945\"> [&hellip;]<\/a><\/p>\n","protected":false},"author":26,"featured_media":64948,"comment_status":"closed","ping_status":"open","sticky":true,"template":"","format":"standard","meta":{"_price":"","_stock":"","_tribe_ticket_header":"","_tribe_default_ticket_provider":"","_tribe_ticket_capacity":"0","_ticket_start_date":"","_ticket_end_date":"","_tribe_ticket_show_description":"","_tribe_ticket_show_not_going":false,"_tribe_ticket_use_global_stock":"","_tribe_ticket_global_stock_level":"","_global_stock_mode":"","_global_stock_cap":"","_tribe_rsvp_for_event":"","_tribe_ticket_going_count":"","_tribe_ticket_not_going_count":"","_tribe_tickets_list":"[]","_tribe_ticket_has_attendee_info_fields":false,"footnotes":"","_links_to":"","_links_to_target":""},"categories":[548,312,320,399,309],"tags":[],"class_list":["post-64945","post","type-post","status-publish","format-standard","has-post-thumbnail","hentry","category-ano-2022","category-destaque-pequeno-inferior","category-home","category-institucional","category-ultimas-noticias","entry","has-media"],"_links":{"self":[{"href":"https:\/\/crarn.org.br\/index.php?rest_route=\/wp\/v2\/posts\/64945","targetHints":{"allow":["GET"]}}],"collection":[{"href":"https:\/\/crarn.org.br\/index.php?rest_route=\/wp\/v2\/posts"}],"about":[{"href":"https:\/\/crarn.org.br\/index.php?rest_route=\/wp\/v2\/types\/post"}],"author":[{"embeddable":true,"href":"https:\/\/crarn.org.br\/index.php?rest_route=\/wp\/v2\/users\/26"}],"replies":[{"embeddable":true,"href":"https:\/\/crarn.org.br\/index.php?rest_route=%2Fwp%2Fv2%2Fcomments&post=64945"}],"version-history":[{"count":1,"href":"https:\/\/crarn.org.br\/index.php?rest_route=\/wp\/v2\/posts\/64945\/revisions"}],"predecessor-version":[{"id":64947,"href":"https:\/\/crarn.org.br\/index.php?rest_route=\/wp\/v2\/posts\/64945\/revisions\/64947"}],"wp:featuredmedia":[{"embeddable":true,"href":"https:\/\/crarn.org.br\/index.php?rest_route=\/wp\/v2\/media\/64948"}],"wp:attachment":[{"href":"https:\/\/crarn.org.br\/index.php?rest_route=%2Fwp%2Fv2%2Fmedia&parent=64945"}],"wp:term":[{"taxonomy":"category","embeddable":true,"href":"https:\/\/crarn.org.br\/index.php?rest_route=%2Fwp%2Fv2%2Fcategories&post=64945"},{"taxonomy":"post_tag","embeddable":true,"href":"https:\/\/crarn.org.br\/index.php?rest_route=%2Fwp%2Fv2%2Ftags&post=64945"}],"curies":[{"name":"wp","href":"https:\/\/api.w.org\/{rel}","templated":true}]}}