{"id":64911,"date":"2022-07-07T13:19:50","date_gmt":"2022-07-07T16:19:50","guid":{"rendered":"https:\/\/crarn.org.br\/?p=64911"},"modified":"2022-07-08T15:07:00","modified_gmt":"2022-07-08T18:07:00","slug":"cra-rn-conhece-experiencia-do-cra-pi","status":"publish","type":"post","link":"https:\/\/crarn.org.br\/?p=64911","title":{"rendered":"CRA-RN conhece experi\u00eancia do CRA-PI"},"content":{"rendered":"\n<p>No \u00faltimo dia 23 de junho, o presidente do CRA-RN, Adm. Fl\u00e1vio Em\u00edlio e o vice-presidente, Adm. Rodrigo Fortunato, estiveram em Teresina.<\/p>\n<p>A visita teve o objetivo de visitar o CRA-PI e conhecer as pr\u00e1ticas inovadoras que v\u00eam sendo implantadas pelo regional.<\/p>\n<p>Os representantes do CRA-RN foram recebidos pelo presidente do regional piauiense, Adm. Roberthy dos Santos Barbosa e pelo diretor Administrativo Financeiro e de Fiscaliza\u00e7\u00e3o Adm. Cristovam Le\u00e3o, que apresentaram as a\u00e7\u00f5es de fiscaliza\u00e7\u00e3o, forma\u00e7\u00e3o, registro, representa\u00e7\u00f5es e eventos do regional.<\/p>\n<p>\u00a0<\/p>\n<p>\u00a0<\/p>\n<p>\u00a0<\/p>\n<p>\u00a0<\/p>\n<button class=\"simplefavorite-button\" data-postid=\"64911\" data-siteid=\"1\" data-groupid=\"1\" data-favoritecount=\"0\" style=\"\">Favorite <i class=\"sf-icon-star-empty\"><\/i><\/button>","protected":false},"excerpt":{"rendered":"<p>No \u00faltimo dia 23 de junho, o presidente do CRA-RN, Adm. Fl\u00e1vio Em\u00edlio e o vice-presidente, Adm. Rodrigo Fortunato, estiveram em Teresina. A visita teve o objetivo de visitar o CRA-PI e conhecer as pr\u00e1ticas inovadoras que v\u00eam sendo implantadas pelo regional. Os representantes do CRA-RN foram recebidos pelo presidente do regional piauiense, Adm. Roberthy<a class=\"read-more\" href=\"https:\/\/crarn.org.br\/?p=64911\"> [&hellip;]<\/a><\/p>\n","protected":false},"author":26,"featured_media":64912,"comment_status":"closed","ping_status":"open","sticky":true,"template":"","format":"standard","meta":{"_price":"","_stock":"","_tribe_ticket_header":"","_tribe_default_ticket_provider":"","_tribe_ticket_capacity":"0","_ticket_start_date":"","_ticket_end_date":"","_tribe_ticket_show_description":"","_tribe_ticket_show_not_going":false,"_tribe_ticket_use_global_stock":"","_tribe_ticket_global_stock_level":"","_global_stock_mode":"","_global_stock_cap":"","_tribe_rsvp_for_event":"","_tribe_ticket_going_count":"","_tribe_ticket_not_going_count":"","_tribe_tickets_list":"[]","_tribe_ticket_has_attendee_info_fields":false,"footnotes":"","_links_to":"","_links_to_target":""},"categories":[548,310,399,309],"tags":[],"class_list":["post-64911","post","type-post","status-publish","format-standard","has-post-thumbnail","hentry","category-ano-2022","category-destaque-grande","category-institucional","category-ultimas-noticias","entry","has-media"],"_links":{"self":[{"href":"https:\/\/crarn.org.br\/index.php?rest_route=\/wp\/v2\/posts\/64911","targetHints":{"allow":["GET"]}}],"collection":[{"href":"https:\/\/crarn.org.br\/index.php?rest_route=\/wp\/v2\/posts"}],"about":[{"href":"https:\/\/crarn.org.br\/index.php?rest_route=\/wp\/v2\/types\/post"}],"author":[{"embeddable":true,"href":"https:\/\/crarn.org.br\/index.php?rest_route=\/wp\/v2\/users\/26"}],"replies":[{"embeddable":true,"href":"https:\/\/crarn.org.br\/index.php?rest_route=%2Fwp%2Fv2%2Fcomments&post=64911"}],"version-history":[{"count":3,"href":"https:\/\/crarn.org.br\/index.php?rest_route=\/wp\/v2\/posts\/64911\/revisions"}],"predecessor-version":[{"id":64932,"href":"https:\/\/crarn.org.br\/index.php?rest_route=\/wp\/v2\/posts\/64911\/revisions\/64932"}],"wp:featuredmedia":[{"embeddable":true,"href":"https:\/\/crarn.org.br\/index.php?rest_route=\/wp\/v2\/media\/64912"}],"wp:attachment":[{"href":"https:\/\/crarn.org.br\/index.php?rest_route=%2Fwp%2Fv2%2Fmedia&parent=64911"}],"wp:term":[{"taxonomy":"category","embeddable":true,"href":"https:\/\/crarn.org.br\/index.php?rest_route=%2Fwp%2Fv2%2Fcategories&post=64911"},{"taxonomy":"post_tag","embeddable":true,"href":"https:\/\/crarn.org.br\/index.php?rest_route=%2Fwp%2Fv2%2Ftags&post=64911"}],"curies":[{"name":"wp","href":"https:\/\/api.w.org\/{rel}","templated":true}]}}