{"id":64882,"date":"2022-06-13T13:27:48","date_gmt":"2022-06-13T16:27:48","guid":{"rendered":"https:\/\/crarn.org.br\/?p=64882"},"modified":"2022-06-13T13:27:50","modified_gmt":"2022-06-13T16:27:50","slug":"cfa-lanca-publicacao-digital-das-diretrizes-curriculares-comentadas","status":"publish","type":"post","link":"https:\/\/crarn.org.br\/?p=64882","title":{"rendered":"CFA lan\u00e7a publica\u00e7\u00e3o digital das Diretrizes Curriculares Comentadas"},"content":{"rendered":"\n<p>O Conselho Federal de Administra\u00e7\u00e3o atingiu mais um significativo marco em prol dos profissionais de administra\u00e7\u00e3o de todo o pa\u00eds. Nesta quinta-feira (09\/06) foi lan\u00e7ada a publica\u00e7\u00e3o digital&nbsp;<a href=\"https:\/\/cfa.org.br\/wp-content\/uploads\/2022\/06\/Guia-DCNs-E01-Web-V2.pdf\" target=\"_blank\" rel=\"noopener\">\u201cDiretrizes Curriculares Comentadas\u201d.<\/a>&nbsp;<\/p>\n<p>O material est\u00e1 dispon\u00edvel para consulta no site do CFA e tamb\u00e9m ser\u00e1 enviado para gestores de IES e coordenadores dos cursos de Administra\u00e7\u00e3o de todo o Brasil. O material traz um rico esclarecimento de diversos pontos das novas Diretrizes Curriculares.&nbsp;<\/p>\n<p>A publica\u00e7\u00e3o apresenta ao p\u00fablico pontos fundamentais de discuss\u00e3o, como o novo marco legal do curso de gradua\u00e7\u00e3o em Administra\u00e7\u00e3o, o perfil e as compet\u00eancias esperados do egresso, metodologia de ensino,&nbsp;<i>cases<\/i>&nbsp;de sucesso e intera\u00e7\u00e3o com o mercado de trabalho.<br><br>Para Cl\u00e1udia Stadtlober, diretora da C\u00e2mara de Forma\u00e7\u00e3o Profissional do CFA, esse ser\u00e1 um importante subs\u00eddio para os colegas de profiss\u00e3o no processo de inspirar os estudantes no desenvolvimento curricular.<\/p>\n<blockquote>\n<p>\u201cEle tem, principalmente, o prop\u00f3sito de auxiliar os coordenadores de cursos, o docente, o n\u00facleo docente estruturante a poder fazer a revis\u00e3o dos seus projetos pol\u00edticos pedag\u00f3gicos dos cursos de Administra\u00e7\u00e3o. Ent\u00e3o, o maior objetivo \u00e9 poder auxiliar nessa constru\u00e7\u00e3o, poder apontar alguns caminhos, desmistificar um pouco o que s\u00e3o as pr\u00e1ticas profissionais supervisionadas para as pessoas poderem pensar em outras propostas\u201d.<\/p>\n<\/blockquote>\n<p>Mauro Leonidas, vice-diretor da C\u00e2mara de Forma\u00e7\u00e3o Profissional do CFA, destaca que a publica\u00e7\u00e3o das \u201cDiretrizes Curriculares Comentadas\u201d \u00e9 uma grande conquista e que a implementa\u00e7\u00e3o do conte\u00fado pode revolucionar o mercado de trabalho.<\/p>\n<blockquote>\n<p>\u201cImportante dizer que as diretrizes curriculares s\u00e3o ferramentas estrat\u00e9gicas para o desenvolvimento das compet\u00eancias e habilidades do curso. Destacamos como relevantes a forma\u00e7\u00e3o por compet\u00eancia e a pr\u00e1tica profissional que possibilita a rela\u00e7\u00e3o com o mundo do trabalho aliando a teoria e a pr\u00e1tica, e para isso, o projeto pedag\u00f3gico deve estar em total sintonia com o mercado de trabalho\u201d.<\/p>\n<\/blockquote>\n<p><b>DCNs<\/b><\/p>\n<p>As novas Diretrizes Curriculares Nacionais (DCNs) est\u00e3o no&nbsp; Parecer CNE\/CES n\u00ba 438\/2020. O documento foi homologado pelo Minist\u00e9rio da Educa\u00e7\u00e3o e publicado no Di\u00e1rio Oficial da Uni\u00e3o no dia 13 de outubro de 2021.&nbsp;<\/p>\n<p>As institui\u00e7\u00f5es de Ensino Superior (IES) v\u00e3o ter tr\u00eas anos para se adaptar \u00e0s novas regras, a contar da publica\u00e7\u00e3o da DCN. Para promover e conscientizar a popula\u00e7\u00e3o sobre a import\u00e2ncia do tema, foram realizadas pelo CFA palestras e lives com o tema.&nbsp;<\/p>\n<p>Mauro Kreuz, presidente do Conselho Federal de Administra\u00e7\u00e3o, diz que esse novo marco vem para revolucionar o ensino da Administra\u00e7\u00e3o no pa\u00eds.&nbsp;<\/p>\n<blockquote>\n<p>\u201cS\u00e3o diretrizes que v\u00eam ao encontro do mundo do trabalho, focadas fortemente em desenvolver s\u00f3lidas compet\u00eancias em Administra\u00e7\u00e3o e rever, de forma radical, essa l\u00f3gica pedag\u00f3gica ultrapassada que ainda ancoram os cursos de Administra\u00e7\u00e3o, pelo menos em sua grande maioria\u201d.<\/p>\n<\/blockquote>\n<p>Rodrigo Miranda<br>Assessoria de Comunica\u00e7\u00e3o CFA<\/p>\n<div class=\"addtoany_share_save_container addtoany_content addtoany_content_bottom\">\n<div class=\"a2a_kit a2a_kit_size_32 addtoany_list\" data-a2a-url=\"https:\/\/cfa.org.br\/cfa-lanca-publicacao-digital-das-diretrizes-curriculares-comentadas\/\" data-a2a-title=\"CFA lan\u00e7a publica\u00e7\u00e3o digital das Diretrizes Curriculares Comentadas\">&nbsp;<\/div>\n<\/div>\n<button class=\"simplefavorite-button\" data-postid=\"64882\" data-siteid=\"1\" data-groupid=\"1\" data-favoritecount=\"0\" style=\"\">Favorite <i class=\"sf-icon-star-empty\"><\/i><\/button>","protected":false},"excerpt":{"rendered":"<p>O Conselho Federal de Administra\u00e7\u00e3o atingiu mais um significativo marco em prol dos profissionais de administra\u00e7\u00e3o de todo o pa\u00eds. Nesta quinta-feira (09\/06) foi lan\u00e7ada a publica\u00e7\u00e3o digital&nbsp;\u201cDiretrizes Curriculares Comentadas\u201d.&nbsp; O material est\u00e1 dispon\u00edvel para consulta no site do CFA e tamb\u00e9m ser\u00e1 enviado para gestores de IES e coordenadores dos cursos de Administra\u00e7\u00e3o de<a class=\"read-more\" href=\"https:\/\/crarn.org.br\/?p=64882\"> [&hellip;]<\/a><\/p>\n","protected":false},"author":26,"featured_media":64883,"comment_status":"closed","ping_status":"open","sticky":false,"template":"","format":"standard","meta":{"_price":"","_stock":"","_tribe_ticket_header":"","_tribe_default_ticket_provider":"","_tribe_ticket_capacity":"0","_ticket_start_date":"","_ticket_end_date":"","_tribe_ticket_show_description":"","_tribe_ticket_show_not_going":false,"_tribe_ticket_use_global_stock":"","_tribe_ticket_global_stock_level":"","_global_stock_mode":"","_global_stock_cap":"","_tribe_rsvp_for_event":"","_tribe_ticket_going_count":"","_tribe_ticket_not_going_count":"","_tribe_tickets_list":"[]","_tribe_ticket_has_attendee_info_fields":false,"footnotes":"","_links_to":"","_links_to_target":""},"categories":[548,426,310,320,399,1,309],"tags":[],"class_list":["post-64882","post","type-post","status-publish","format-standard","has-post-thumbnail","hentry","category-ano-2022","category-cfa","category-destaque-grande","category-home","category-institucional","category-sem-categoria","category-ultimas-noticias","entry","has-media"],"_links":{"self":[{"href":"https:\/\/crarn.org.br\/index.php?rest_route=\/wp\/v2\/posts\/64882","targetHints":{"allow":["GET"]}}],"collection":[{"href":"https:\/\/crarn.org.br\/index.php?rest_route=\/wp\/v2\/posts"}],"about":[{"href":"https:\/\/crarn.org.br\/index.php?rest_route=\/wp\/v2\/types\/post"}],"author":[{"embeddable":true,"href":"https:\/\/crarn.org.br\/index.php?rest_route=\/wp\/v2\/users\/26"}],"replies":[{"embeddable":true,"href":"https:\/\/crarn.org.br\/index.php?rest_route=%2Fwp%2Fv2%2Fcomments&post=64882"}],"version-history":[{"count":2,"href":"https:\/\/crarn.org.br\/index.php?rest_route=\/wp\/v2\/posts\/64882\/revisions"}],"predecessor-version":[{"id":64885,"href":"https:\/\/crarn.org.br\/index.php?rest_route=\/wp\/v2\/posts\/64882\/revisions\/64885"}],"wp:featuredmedia":[{"embeddable":true,"href":"https:\/\/crarn.org.br\/index.php?rest_route=\/wp\/v2\/media\/64883"}],"wp:attachment":[{"href":"https:\/\/crarn.org.br\/index.php?rest_route=%2Fwp%2Fv2%2Fmedia&parent=64882"}],"wp:term":[{"taxonomy":"category","embeddable":true,"href":"https:\/\/crarn.org.br\/index.php?rest_route=%2Fwp%2Fv2%2Fcategories&post=64882"},{"taxonomy":"post_tag","embeddable":true,"href":"https:\/\/crarn.org.br\/index.php?rest_route=%2Fwp%2Fv2%2Ftags&post=64882"}],"curies":[{"name":"wp","href":"https:\/\/api.w.org\/{rel}","templated":true}]}}