{"id":64852,"date":"2022-06-03T16:34:24","date_gmt":"2022-06-03T19:34:24","guid":{"rendered":"https:\/\/crarn.org.br\/?p=64852"},"modified":"2022-06-03T16:34:27","modified_gmt":"2022-06-03T19:34:27","slug":"cra-rn-reune-representantes-regionais-em-treinamento","status":"publish","type":"post","link":"https:\/\/crarn.org.br\/?p=64852","title":{"rendered":"CRA-RN re\u00fane representantes regionais em treinamento"},"content":{"rendered":"\n<p>Nesta quarta-feira (01\/06), os representantes regionais do CRA-RN, no interior do estado, participaram de um treinamento remoto realizado pelo diretor de Fiscaliza\u00e7\u00e3o, Adm. Di\u00eago Dantas e pela coordenadora, Adm. Tatiana Costa Pinto.<\/p>\n<p>O encontro virtual teve a finalidade de promover a troca de conhecimento e esclarecimento de d\u00favidas dos representantes quanto ao Sistema CFA\/CRAs, registro profissional, fiscaliza\u00e7\u00e3o \u2013 de pessoa f\u00edsica, jur\u00eddica e respons\u00e1vel t\u00e9cnico \u2013 Plano de Fiscaliza\u00e7\u00e3o e os principais projetos da \u00e1rea.<\/p>\n<p>Participaram da reuni\u00e3o, al\u00e9m do diretor e da coordenadora, os representantes do Serid\u00f3 Ocidental, Adm. Pablo Phorlan; Alto Oeste, Adm. Rodolfo Barreto; Agreste Litoral Sul Potiguar, Adm. Vin\u00edcius Figueredo; M\u00e9dio Oeste, Adm. Cassiano Gurgel e Vale do Assu, Adm. Alysson Ara\u00fajo.<\/p>\n<button class=\"simplefavorite-button\" data-postid=\"64852\" data-siteid=\"1\" data-groupid=\"1\" data-favoritecount=\"0\" style=\"\">Favorite <i class=\"sf-icon-star-empty\"><\/i><\/button>","protected":false},"excerpt":{"rendered":"<p>Nesta quarta-feira (01\/06), os representantes regionais do CRA-RN, no interior do estado, participaram de um treinamento remoto realizado pelo diretor de Fiscaliza\u00e7\u00e3o, Adm. Di\u00eago Dantas e pela coordenadora, Adm. Tatiana Costa Pinto. O encontro virtual teve a finalidade de promover a troca de conhecimento e esclarecimento de d\u00favidas dos representantes quanto ao Sistema CFA\/CRAs, registro<a class=\"read-more\" href=\"https:\/\/crarn.org.br\/?p=64852\"> [&hellip;]<\/a><\/p>\n","protected":false},"author":26,"featured_media":64853,"comment_status":"closed","ping_status":"open","sticky":true,"template":"","format":"standard","meta":{"_price":"","_stock":"","_tribe_ticket_header":"","_tribe_default_ticket_provider":"","_tribe_ticket_capacity":"0","_ticket_start_date":"","_ticket_end_date":"","_tribe_ticket_show_description":"","_tribe_ticket_show_not_going":false,"_tribe_ticket_use_global_stock":"","_tribe_ticket_global_stock_level":"","_global_stock_mode":"","_global_stock_cap":"","_tribe_rsvp_for_event":"","_tribe_ticket_going_count":"","_tribe_ticket_not_going_count":"","_tribe_tickets_list":"[]","_tribe_ticket_has_attendee_info_fields":false,"footnotes":"","_links_to":"","_links_to_target":""},"categories":[548,320,399,309],"tags":[],"class_list":["post-64852","post","type-post","status-publish","format-standard","has-post-thumbnail","hentry","category-ano-2022","category-home","category-institucional","category-ultimas-noticias","entry","has-media"],"_links":{"self":[{"href":"https:\/\/crarn.org.br\/index.php?rest_route=\/wp\/v2\/posts\/64852","targetHints":{"allow":["GET"]}}],"collection":[{"href":"https:\/\/crarn.org.br\/index.php?rest_route=\/wp\/v2\/posts"}],"about":[{"href":"https:\/\/crarn.org.br\/index.php?rest_route=\/wp\/v2\/types\/post"}],"author":[{"embeddable":true,"href":"https:\/\/crarn.org.br\/index.php?rest_route=\/wp\/v2\/users\/26"}],"replies":[{"embeddable":true,"href":"https:\/\/crarn.org.br\/index.php?rest_route=%2Fwp%2Fv2%2Fcomments&post=64852"}],"version-history":[{"count":1,"href":"https:\/\/crarn.org.br\/index.php?rest_route=\/wp\/v2\/posts\/64852\/revisions"}],"predecessor-version":[{"id":64854,"href":"https:\/\/crarn.org.br\/index.php?rest_route=\/wp\/v2\/posts\/64852\/revisions\/64854"}],"wp:featuredmedia":[{"embeddable":true,"href":"https:\/\/crarn.org.br\/index.php?rest_route=\/wp\/v2\/media\/64853"}],"wp:attachment":[{"href":"https:\/\/crarn.org.br\/index.php?rest_route=%2Fwp%2Fv2%2Fmedia&parent=64852"}],"wp:term":[{"taxonomy":"category","embeddable":true,"href":"https:\/\/crarn.org.br\/index.php?rest_route=%2Fwp%2Fv2%2Fcategories&post=64852"},{"taxonomy":"post_tag","embeddable":true,"href":"https:\/\/crarn.org.br\/index.php?rest_route=%2Fwp%2Fv2%2Ftags&post=64852"}],"curies":[{"name":"wp","href":"https:\/\/api.w.org\/{rel}","templated":true}]}}