{"id":64844,"date":"2022-06-03T16:22:49","date_gmt":"2022-06-03T19:22:49","guid":{"rendered":"https:\/\/crarn.org.br\/?p=64844"},"modified":"2022-06-03T16:27:03","modified_gmt":"2022-06-03T19:27:03","slug":"cra-rn-presente-na-expo-2022-now-da-unp","status":"publish","type":"post","link":"https:\/\/crarn.org.br\/?p=64844","title":{"rendered":"CRA-RN presente na Expo 2022 Now da UnP"},"content":{"rendered":"\n<p>A Universidade Potiguar realizou a Expo 2022 Now, evento acad\u00eamico realizado que tem como objetivo promover o ensino, a pesquisa e a extens\u00e3o.<\/p>\n<p>No per\u00edodo em que aconteceu a programa\u00e7\u00e3o, entre 31 de maio e 01 de junho, o CRA-RN esteve presente com um stand de divulga\u00e7\u00e3o para os futuros administradores e tecn\u00f3logos da \u00e1rea, onde os estudantes tinham acesso a informa\u00e7\u00f5es sobre o Conselho e registro profissional, al\u00e9m de exemplares da Revista Brasileira de Administra\u00e7\u00e3o-RBA.<\/p>\n<p>Na ocasi\u00e3o, o vice-Presidente do regional, Adm. Rodrigo Fortunato, fez uma palestra sobre \u201cGest\u00e3o de Projetos \u00c1geis\u201d, quando aproveitou para informar sobre o stand, explicar o que \u00e9 o CRA-RN e como funciona, de forma a esclarecer todas as d\u00favidas. Ao final, sorteou brindes entre os presentes.<\/p>\n<button class=\"simplefavorite-button\" data-postid=\"64844\" data-siteid=\"1\" data-groupid=\"1\" data-favoritecount=\"0\" style=\"\">Favorite <i class=\"sf-icon-star-empty\"><\/i><\/button>","protected":false},"excerpt":{"rendered":"<p>A Universidade Potiguar realizou a Expo 2022 Now, evento acad\u00eamico realizado que tem como objetivo promover o ensino, a pesquisa e a extens\u00e3o. No per\u00edodo em que aconteceu a programa\u00e7\u00e3o, entre 31 de maio e 01 de junho, o CRA-RN esteve presente com um stand de divulga\u00e7\u00e3o para os futuros administradores e tecn\u00f3logos da \u00e1rea,<a class=\"read-more\" href=\"https:\/\/crarn.org.br\/?p=64844\"> [&hellip;]<\/a><\/p>\n","protected":false},"author":26,"featured_media":64845,"comment_status":"closed","ping_status":"open","sticky":true,"template":"","format":"standard","meta":{"_price":"","_stock":"","_tribe_ticket_header":"","_tribe_default_ticket_provider":"","_tribe_ticket_capacity":"0","_ticket_start_date":"","_ticket_end_date":"","_tribe_ticket_show_description":"","_tribe_ticket_show_not_going":false,"_tribe_ticket_use_global_stock":"","_tribe_ticket_global_stock_level":"","_global_stock_mode":"","_global_stock_cap":"","_tribe_rsvp_for_event":"","_tribe_ticket_going_count":"","_tribe_ticket_not_going_count":"","_tribe_tickets_list":"[]","_tribe_ticket_has_attendee_info_fields":false,"footnotes":"","_links_to":"","_links_to_target":""},"categories":[548,310,320,399],"tags":[],"class_list":["post-64844","post","type-post","status-publish","format-standard","has-post-thumbnail","hentry","category-ano-2022","category-destaque-grande","category-home","category-institucional","entry","has-media"],"_links":{"self":[{"href":"https:\/\/crarn.org.br\/index.php?rest_route=\/wp\/v2\/posts\/64844","targetHints":{"allow":["GET"]}}],"collection":[{"href":"https:\/\/crarn.org.br\/index.php?rest_route=\/wp\/v2\/posts"}],"about":[{"href":"https:\/\/crarn.org.br\/index.php?rest_route=\/wp\/v2\/types\/post"}],"author":[{"embeddable":true,"href":"https:\/\/crarn.org.br\/index.php?rest_route=\/wp\/v2\/users\/26"}],"replies":[{"embeddable":true,"href":"https:\/\/crarn.org.br\/index.php?rest_route=%2Fwp%2Fv2%2Fcomments&post=64844"}],"version-history":[{"count":1,"href":"https:\/\/crarn.org.br\/index.php?rest_route=\/wp\/v2\/posts\/64844\/revisions"}],"predecessor-version":[{"id":64846,"href":"https:\/\/crarn.org.br\/index.php?rest_route=\/wp\/v2\/posts\/64844\/revisions\/64846"}],"wp:featuredmedia":[{"embeddable":true,"href":"https:\/\/crarn.org.br\/index.php?rest_route=\/wp\/v2\/media\/64845"}],"wp:attachment":[{"href":"https:\/\/crarn.org.br\/index.php?rest_route=%2Fwp%2Fv2%2Fmedia&parent=64844"}],"wp:term":[{"taxonomy":"category","embeddable":true,"href":"https:\/\/crarn.org.br\/index.php?rest_route=%2Fwp%2Fv2%2Fcategories&post=64844"},{"taxonomy":"post_tag","embeddable":true,"href":"https:\/\/crarn.org.br\/index.php?rest_route=%2Fwp%2Fv2%2Ftags&post=64844"}],"curies":[{"name":"wp","href":"https:\/\/api.w.org\/{rel}","templated":true}]}}