{"id":64705,"date":"2022-05-09T13:11:30","date_gmt":"2022-05-09T16:11:30","guid":{"rendered":"https:\/\/crarn.org.br\/?p=64705"},"modified":"2022-05-09T13:11:33","modified_gmt":"2022-05-09T16:11:33","slug":"cra-rn-alavanca-projeto-integrar-para-crescer","status":"publish","type":"post","link":"https:\/\/crarn.org.br\/?p=64705","title":{"rendered":"CRA-RN alavanca Projeto Integrar para Crescer"},"content":{"rendered":"\n<p>A \u00e1rea de fiscaliza\u00e7\u00e3o do CRA-RN, retoma, agora em maio, o Projeto Integrar para Crescer, que tem a finalidade de contribuir com a gest\u00e3o dos munic\u00edpios do estado, atrav\u00e9s da moderniza\u00e7\u00e3o na estrutura de cargos p\u00fablicos.<\/p>\n<p>Grande parte das prefeituras possui uma estrutura de cargos muito operacional, n\u00e3o apresentando a previsibilidade legal para a contrata\u00e7\u00e3o de profissionais da \u00e1rea de Administra\u00e7\u00e3o, detentores de conhecimento, metodologias e ferramentas de gest\u00e3o, o que pode contribuir para um melhor desenvolvimento e sustentabilidade do munic\u00edpio.<\/p>\n<p>O projeto prev\u00ea a an\u00e1lise das leis municipais de cria\u00e7\u00e3o de cargos efetivos. O trabalho \u00e9 feito pela equipe do CRA-RN que, de acordo com a necessidade, sugere a inser\u00e7\u00e3o dos cargos na estrutura de pessoal.<\/p>\n<p>Na \u00faltima semana, a coordenadora de fiscaliza\u00e7\u00e3o do CRA-RN, Adm. Tatiana Costa Pinto, esteve na prefeitura de S\u00e3o Jos\u00e9 de Mipibu, onde se reuniu com a Procuradora Geral do Munic\u00edpio, Renata Mosca. Al\u00e9m de tratar sobre o projeto e receber a legisla\u00e7\u00e3o para ser analisada, a representante do Conselho fez uma apresenta\u00e7\u00e3o do IGM- CFA, uma importante ferramenta para auxiliar a gest\u00e3o do munic\u00edpio.<\/p>\n<p>Ainda neste m\u00eas, ser\u00e3o visitados os munic\u00edpios de Maca\u00edba e Ielmo Marinho.<\/p>\n<button class=\"simplefavorite-button\" data-postid=\"64705\" data-siteid=\"1\" data-groupid=\"1\" data-favoritecount=\"0\" style=\"\">Favorite <i class=\"sf-icon-star-empty\"><\/i><\/button>","protected":false},"excerpt":{"rendered":"<p>A \u00e1rea de fiscaliza\u00e7\u00e3o do CRA-RN, retoma, agora em maio, o Projeto Integrar para Crescer, que tem a finalidade de contribuir com a gest\u00e3o dos munic\u00edpios do estado, atrav\u00e9s da moderniza\u00e7\u00e3o na estrutura de cargos p\u00fablicos. Grande parte das prefeituras possui uma estrutura de cargos muito operacional, n\u00e3o apresentando a previsibilidade legal para a contrata\u00e7\u00e3o<a class=\"read-more\" href=\"https:\/\/crarn.org.br\/?p=64705\"> [&hellip;]<\/a><\/p>\n","protected":false},"author":26,"featured_media":64706,"comment_status":"closed","ping_status":"open","sticky":true,"template":"","format":"standard","meta":{"_price":"","_stock":"","_tribe_ticket_header":"","_tribe_default_ticket_provider":"","_tribe_ticket_capacity":"0","_ticket_start_date":"","_ticket_end_date":"","_tribe_ticket_show_description":"","_tribe_ticket_show_not_going":false,"_tribe_ticket_use_global_stock":"","_tribe_ticket_global_stock_level":"","_global_stock_mode":"","_global_stock_cap":"","_tribe_rsvp_for_event":"","_tribe_ticket_going_count":"","_tribe_ticket_not_going_count":"","_tribe_tickets_list":"[]","_tribe_ticket_has_attendee_info_fields":false,"footnotes":"","_links_to":"","_links_to_target":""},"categories":[548,312,320,399,309],"tags":[],"class_list":["post-64705","post","type-post","status-publish","format-standard","has-post-thumbnail","hentry","category-ano-2022","category-destaque-pequeno-inferior","category-home","category-institucional","category-ultimas-noticias","entry","has-media"],"_links":{"self":[{"href":"https:\/\/crarn.org.br\/index.php?rest_route=\/wp\/v2\/posts\/64705","targetHints":{"allow":["GET"]}}],"collection":[{"href":"https:\/\/crarn.org.br\/index.php?rest_route=\/wp\/v2\/posts"}],"about":[{"href":"https:\/\/crarn.org.br\/index.php?rest_route=\/wp\/v2\/types\/post"}],"author":[{"embeddable":true,"href":"https:\/\/crarn.org.br\/index.php?rest_route=\/wp\/v2\/users\/26"}],"replies":[{"embeddable":true,"href":"https:\/\/crarn.org.br\/index.php?rest_route=%2Fwp%2Fv2%2Fcomments&post=64705"}],"version-history":[{"count":1,"href":"https:\/\/crarn.org.br\/index.php?rest_route=\/wp\/v2\/posts\/64705\/revisions"}],"predecessor-version":[{"id":64707,"href":"https:\/\/crarn.org.br\/index.php?rest_route=\/wp\/v2\/posts\/64705\/revisions\/64707"}],"wp:featuredmedia":[{"embeddable":true,"href":"https:\/\/crarn.org.br\/index.php?rest_route=\/wp\/v2\/media\/64706"}],"wp:attachment":[{"href":"https:\/\/crarn.org.br\/index.php?rest_route=%2Fwp%2Fv2%2Fmedia&parent=64705"}],"wp:term":[{"taxonomy":"category","embeddable":true,"href":"https:\/\/crarn.org.br\/index.php?rest_route=%2Fwp%2Fv2%2Fcategories&post=64705"},{"taxonomy":"post_tag","embeddable":true,"href":"https:\/\/crarn.org.br\/index.php?rest_route=%2Fwp%2Fv2%2Ftags&post=64705"}],"curies":[{"name":"wp","href":"https:\/\/api.w.org\/{rel}","templated":true}]}}