{"id":64647,"date":"2022-04-14T10:25:55","date_gmt":"2022-04-14T13:25:55","guid":{"rendered":"https:\/\/crarn.org.br\/?p=64647"},"modified":"2022-04-14T10:25:58","modified_gmt":"2022-04-14T13:25:58","slug":"cra-rn-participa-de-semana-de-integracao-da-ufrn","status":"publish","type":"post","link":"https:\/\/crarn.org.br\/?p=64647","title":{"rendered":"CRA-RN participa de Semana de Integra\u00e7\u00e3o da UFRN"},"content":{"rendered":"\n<p>O presidente do CRA-RN, Adm. Fl\u00e1vio Em\u00edlio Cavalcanti, participou, nesta quarta-feira (13\/04), da abertura da IX Semana das Atividades de Integra\u00e7\u00e3o do Curso de Administra\u00e7\u00e3o da UFRN.<\/p>\n<p>A reuni\u00e3o foi realizada de forma remota e contou, ainda, com a participa\u00e7\u00e3o da coordenadora do curso, Profa. Thelma Pignataro, professores e representantes do Centro Acad\u00eamico.<\/p>\n<p>Em sua apresenta\u00e7\u00e3o, o presidente do regional falou sobre a \u201cImport\u00e2ncia do CRA-RN no contexto do Curso de Administra\u00e7\u00e3o\u201d.<\/p>\n<p>\u00a0<\/p>\n<button class=\"simplefavorite-button\" data-postid=\"64647\" data-siteid=\"1\" data-groupid=\"1\" data-favoritecount=\"0\" style=\"\">Favorite <i class=\"sf-icon-star-empty\"><\/i><\/button>","protected":false},"excerpt":{"rendered":"<p>O presidente do CRA-RN, Adm. Fl\u00e1vio Em\u00edlio Cavalcanti, participou, nesta quarta-feira (13\/04), da abertura da IX Semana das Atividades de Integra\u00e7\u00e3o do Curso de Administra\u00e7\u00e3o da UFRN. A reuni\u00e3o foi realizada de forma remota e contou, ainda, com a participa\u00e7\u00e3o da coordenadora do curso, Profa. Thelma Pignataro, professores e representantes do Centro Acad\u00eamico. Em sua<a class=\"read-more\" href=\"https:\/\/crarn.org.br\/?p=64647\"> [&hellip;]<\/a><\/p>\n","protected":false},"author":26,"featured_media":64648,"comment_status":"closed","ping_status":"open","sticky":true,"template":"","format":"standard","meta":{"_price":"","_stock":"","_tribe_ticket_header":"","_tribe_default_ticket_provider":"","_tribe_ticket_capacity":"0","_ticket_start_date":"","_ticket_end_date":"","_tribe_ticket_show_description":"","_tribe_ticket_show_not_going":false,"_tribe_ticket_use_global_stock":"","_tribe_ticket_global_stock_level":"","_global_stock_mode":"","_global_stock_cap":"","_tribe_rsvp_for_event":"","_tribe_ticket_going_count":"","_tribe_ticket_not_going_count":"","_tribe_tickets_list":"[]","_tribe_ticket_has_attendee_info_fields":false,"footnotes":"","_links_to":"","_links_to_target":""},"categories":[548,311,320,399,309],"tags":[],"class_list":["post-64647","post","type-post","status-publish","format-standard","has-post-thumbnail","hentry","category-ano-2022","category-destaque-pequeno-superior","category-home","category-institucional","category-ultimas-noticias","entry","has-media"],"_links":{"self":[{"href":"https:\/\/crarn.org.br\/index.php?rest_route=\/wp\/v2\/posts\/64647","targetHints":{"allow":["GET"]}}],"collection":[{"href":"https:\/\/crarn.org.br\/index.php?rest_route=\/wp\/v2\/posts"}],"about":[{"href":"https:\/\/crarn.org.br\/index.php?rest_route=\/wp\/v2\/types\/post"}],"author":[{"embeddable":true,"href":"https:\/\/crarn.org.br\/index.php?rest_route=\/wp\/v2\/users\/26"}],"replies":[{"embeddable":true,"href":"https:\/\/crarn.org.br\/index.php?rest_route=%2Fwp%2Fv2%2Fcomments&post=64647"}],"version-history":[{"count":1,"href":"https:\/\/crarn.org.br\/index.php?rest_route=\/wp\/v2\/posts\/64647\/revisions"}],"predecessor-version":[{"id":64649,"href":"https:\/\/crarn.org.br\/index.php?rest_route=\/wp\/v2\/posts\/64647\/revisions\/64649"}],"wp:featuredmedia":[{"embeddable":true,"href":"https:\/\/crarn.org.br\/index.php?rest_route=\/wp\/v2\/media\/64648"}],"wp:attachment":[{"href":"https:\/\/crarn.org.br\/index.php?rest_route=%2Fwp%2Fv2%2Fmedia&parent=64647"}],"wp:term":[{"taxonomy":"category","embeddable":true,"href":"https:\/\/crarn.org.br\/index.php?rest_route=%2Fwp%2Fv2%2Fcategories&post=64647"},{"taxonomy":"post_tag","embeddable":true,"href":"https:\/\/crarn.org.br\/index.php?rest_route=%2Fwp%2Fv2%2Ftags&post=64647"}],"curies":[{"name":"wp","href":"https:\/\/api.w.org\/{rel}","templated":true}]}}