{"id":64621,"date":"2022-04-08T11:53:58","date_gmt":"2022-04-08T14:53:58","guid":{"rendered":"https:\/\/crarn.org.br\/?p=64621"},"modified":"2022-04-11T08:48:42","modified_gmt":"2022-04-11T11:48:42","slug":"estao-abertas-as-inscricoes-para-o-premio-belmiro-siqueira-2022","status":"publish","type":"post","link":"https:\/\/crarn.org.br\/?p=64621","title":{"rendered":"Est\u00e3o abertas as inscri\u00e7\u00f5es para o Pr\u00eamio Belmiro Siqueira 2022"},"content":{"rendered":"\n<p>Os profissionais de administra\u00e7\u00e3o de todo o pa\u00eds j\u00e1 tem mais um motivo para comemorar neste ano. Acabou a espera pela abertura das inscri\u00e7\u00f5es do Pr\u00eamio Belmiro Siqueira de Administra\u00e7\u00e3o 2022.\u00a0<\/p>\n<p>Uma das mais importantes premia\u00e7\u00f5es do setor vai ter como tema nesta edi\u00e7\u00e3o \u201cAdministra\u00e7\u00e3o e as novas tecnologias\u201d. O objetivo do evento \u00e9 promover a divulga\u00e7\u00e3o e a valoriza\u00e7\u00e3o da produ\u00e7\u00e3o cient\u00edfica realizada por Administradores, Profissionais e estudantes egressos de cursos conexos \u00e0 Administra\u00e7\u00e3o, que contribuam para o desenvolvimento da ci\u00eancia e da profiss\u00e3o no Brasil.<\/p>\n<p>Neste ano, o Pr\u00eamio Belmiro Siqueira vai contemplar as seguintes modalidades:<\/p>\n<ul>\n<li>Artigo Acad\u00eamico<\/li>\n<li>Artigo T\u00e9cnico\u00a0<\/li>\n<li>Livro<\/li>\n<\/ul>\n<p><b>Inscri\u00e7\u00f5es<\/b><\/p>\n<p>Os interessados v\u00e3o poder realizar as inscri\u00e7\u00f5es at\u00e9 o dia 31 de agosto de 2022. Para fazer isso \u00e9 s\u00f3 acessar o site\u00a0<a href=\"https:\/\/belmiro.cfa.org.br\/\" target=\"_blank\" rel=\"noopener\">belmiro.cfa.org.br<\/a>. Entre os crit\u00e9rios de avalia\u00e7\u00e3o v\u00e3o ser analisados nos trabalhos inscritos quest\u00f5es de objetividade, criatividade, aplicabilidade e atualidade.\u00a0<\/p>\n<p><b>Premia\u00e7\u00f5es\u00a0<\/b><\/p>\n<p>Os vencedores das modalidades v\u00e3o ser premiados com certificados e tamb\u00e9m v\u00e3o contar com uma bonifica\u00e7\u00e3o em dinheiro. V\u00e3o ser contemplados os tr\u00eas primeiros colocados das categorias Artigo Acad\u00eamico e Artigo T\u00e9cnico, al\u00e9m do vencedor da modalidade Livro.\u00a0<\/p>\n<blockquote>\n<p><strong>ARTIGO ACAD\u00caMICO<\/strong><\/p>\n<\/blockquote>\n<ul>\n<li>1\u00ba lugar: Trof\u00e9u, certificado e R$ 10.000,00\u00a0<\/li>\n<li>2\u00ba lugar: certificado e R$ 5.000,00\u00a0<\/li>\n<li>3\u00ba lugar: certificado e R$ 2.500,00<\/li>\n<\/ul>\n<blockquote>\n<p><strong>ARTIGO T\u00c9CNICO<\/strong><\/p>\n<\/blockquote>\n<ul>\n<li>1\u00ba lugar: Trof\u00e9u, certificado e R$ 10.000,00<\/li>\n<li>2\u00ba lugar: certificado e R$ 5.000,00<\/li>\n<li>3\u00ba lugar: certificado e R$ 2.500,00<\/li>\n<\/ul>\n<blockquote>\n<p><strong>MODALIDADE LIVRO<\/strong><\/p>\n<\/blockquote>\n<ul>\n<li>1\u00ba lugar: trof\u00e9u, certificado e R$ 15.000,00<\/li>\n<\/ul>\n<p>\u00a0<\/p>\n<p>Rodrigo Miranda<br \/>Assessoria de Comunica\u00e7\u00e3o CFA<\/p>\n<button class=\"simplefavorite-button\" data-postid=\"64621\" data-siteid=\"1\" data-groupid=\"1\" data-favoritecount=\"0\" style=\"\">Favorite <i class=\"sf-icon-star-empty\"><\/i><\/button>","protected":false},"excerpt":{"rendered":"<p>Os profissionais de administra\u00e7\u00e3o de todo o pa\u00eds j\u00e1 tem mais um motivo para comemorar neste ano. Acabou a espera pela abertura das inscri\u00e7\u00f5es do Pr\u00eamio Belmiro Siqueira de Administra\u00e7\u00e3o 2022.\u00a0 Uma das mais importantes premia\u00e7\u00f5es do setor vai ter como tema nesta edi\u00e7\u00e3o \u201cAdministra\u00e7\u00e3o e as novas tecnologias\u201d. O objetivo do evento \u00e9 promover<a class=\"read-more\" href=\"https:\/\/crarn.org.br\/?p=64621\"> [&hellip;]<\/a><\/p>\n","protected":false},"author":26,"featured_media":64630,"comment_status":"closed","ping_status":"open","sticky":true,"template":"","format":"standard","meta":{"_price":"","_stock":"","_tribe_ticket_header":"","_tribe_default_ticket_provider":"","_tribe_ticket_capacity":"0","_ticket_start_date":"","_ticket_end_date":"","_tribe_ticket_show_description":"","_tribe_ticket_show_not_going":false,"_tribe_ticket_use_global_stock":"","_tribe_ticket_global_stock_level":"","_global_stock_mode":"","_global_stock_cap":"","_tribe_rsvp_for_event":"","_tribe_ticket_going_count":"","_tribe_ticket_not_going_count":"","_tribe_tickets_list":"[]","_tribe_ticket_has_attendee_info_fields":false,"footnotes":"","_links_to":"","_links_to_target":""},"categories":[548,426,310,320,399,309],"tags":[],"class_list":["post-64621","post","type-post","status-publish","format-standard","has-post-thumbnail","hentry","category-ano-2022","category-cfa","category-destaque-grande","category-home","category-institucional","category-ultimas-noticias","entry","has-media"],"_links":{"self":[{"href":"https:\/\/crarn.org.br\/index.php?rest_route=\/wp\/v2\/posts\/64621","targetHints":{"allow":["GET"]}}],"collection":[{"href":"https:\/\/crarn.org.br\/index.php?rest_route=\/wp\/v2\/posts"}],"about":[{"href":"https:\/\/crarn.org.br\/index.php?rest_route=\/wp\/v2\/types\/post"}],"author":[{"embeddable":true,"href":"https:\/\/crarn.org.br\/index.php?rest_route=\/wp\/v2\/users\/26"}],"replies":[{"embeddable":true,"href":"https:\/\/crarn.org.br\/index.php?rest_route=%2Fwp%2Fv2%2Fcomments&post=64621"}],"version-history":[{"count":2,"href":"https:\/\/crarn.org.br\/index.php?rest_route=\/wp\/v2\/posts\/64621\/revisions"}],"predecessor-version":[{"id":64624,"href":"https:\/\/crarn.org.br\/index.php?rest_route=\/wp\/v2\/posts\/64621\/revisions\/64624"}],"wp:featuredmedia":[{"embeddable":true,"href":"https:\/\/crarn.org.br\/index.php?rest_route=\/wp\/v2\/media\/64630"}],"wp:attachment":[{"href":"https:\/\/crarn.org.br\/index.php?rest_route=%2Fwp%2Fv2%2Fmedia&parent=64621"}],"wp:term":[{"taxonomy":"category","embeddable":true,"href":"https:\/\/crarn.org.br\/index.php?rest_route=%2Fwp%2Fv2%2Fcategories&post=64621"},{"taxonomy":"post_tag","embeddable":true,"href":"https:\/\/crarn.org.br\/index.php?rest_route=%2Fwp%2Fv2%2Ftags&post=64621"}],"curies":[{"name":"wp","href":"https:\/\/api.w.org\/{rel}","templated":true}]}}