{"id":64573,"date":"2022-03-25T13:43:56","date_gmt":"2022-03-25T16:43:56","guid":{"rendered":"https:\/\/crarn.org.br\/?p=64573"},"modified":"2022-03-25T13:43:58","modified_gmt":"2022-03-25T16:43:58","slug":"cra-rn-participa-da-colacao-de-grau-da-unifacex-3","status":"publish","type":"post","link":"https:\/\/crarn.org.br\/?p=64573","title":{"rendered":"CRA-RN participa da cola\u00e7\u00e3o de grau da Unifacex"},"content":{"rendered":"\n<p>A diretora de Forma\u00e7\u00e3o Profissional, Adm. Isabella Mendon\u00e7a, participou da cola\u00e7\u00e3o de grau do Centro Universit\u00e1rio Facex, quando alunos dos cursos de bacharelado em Administra\u00e7\u00e3o, Ci\u00eancias Cont\u00e1beis e CST em Gest\u00e3o de Recursos Humanos, receberam seus diplomas.<\/p>\n<p>A cerim\u00f4nia aconteceu na noite desta quinta-feira (25\/03) e colaram grau 118 concluintes, dos tr\u00eas cursos. Al\u00e9m dos familiares, professores e convidados dos graduandos, participaram, o Chanceler do Centro Universit\u00e1rio Facex, professor Jos\u00e9 Maria Barreto de Figueiredo; a Reitora, Candysse Medeiros de Figueiredo; o coordenador dos Cursos de Administra\u00e7\u00e3o e Ci\u00eancias Cont\u00e1beis, professor Saulo Medeiros Diniz; o secret\u00e1rio geral, Julio Aparecido Kened de Brito; o presidente do Conselho Regional de Contabilidade, Anailson M\u00e1rcio Gomes e a representante dos paraninfos de todos os cursos que colavam grau, professora Jyzabele de Ara\u00fajo Atan\u00e1sio.<\/p>\n<p>Entre os concluintes, foram laureados Raiane Barbosa Bezerra, do curso de Administra\u00e7\u00e3o \u2013 que representou todas as turmas, como oradora \u2013 e Felipe Souto da Silva Figueiredo, do CST em Gest\u00e3o de Recursos Humanos.<\/p>\n<p>\u00a0<\/p>\n<button class=\"simplefavorite-button\" data-postid=\"64573\" data-siteid=\"1\" data-groupid=\"1\" data-favoritecount=\"0\" style=\"\">Favorite <i class=\"sf-icon-star-empty\"><\/i><\/button>","protected":false},"excerpt":{"rendered":"<p>A diretora de Forma\u00e7\u00e3o Profissional, Adm. Isabella Mendon\u00e7a, participou da cola\u00e7\u00e3o de grau do Centro Universit\u00e1rio Facex, quando alunos dos cursos de bacharelado em Administra\u00e7\u00e3o, Ci\u00eancias Cont\u00e1beis e CST em Gest\u00e3o de Recursos Humanos, receberam seus diplomas. A cerim\u00f4nia aconteceu na noite desta quinta-feira (25\/03) e colaram grau 118 concluintes, dos tr\u00eas cursos. Al\u00e9m dos<a class=\"read-more\" href=\"https:\/\/crarn.org.br\/?p=64573\"> [&hellip;]<\/a><\/p>\n","protected":false},"author":26,"featured_media":64575,"comment_status":"closed","ping_status":"open","sticky":true,"template":"","format":"standard","meta":{"_price":"","_stock":"","_tribe_ticket_header":"","_tribe_default_ticket_provider":"","_tribe_ticket_capacity":"0","_ticket_start_date":"","_ticket_end_date":"","_tribe_ticket_show_description":"","_tribe_ticket_show_not_going":false,"_tribe_ticket_use_global_stock":"","_tribe_ticket_global_stock_level":"","_global_stock_mode":"","_global_stock_cap":"","_tribe_rsvp_for_event":"","_tribe_ticket_going_count":"","_tribe_ticket_not_going_count":"","_tribe_tickets_list":"[]","_tribe_ticket_has_attendee_info_fields":false,"footnotes":"","_links_to":"","_links_to_target":""},"categories":[548,310,399,309],"tags":[],"class_list":["post-64573","post","type-post","status-publish","format-standard","has-post-thumbnail","hentry","category-ano-2022","category-destaque-grande","category-institucional","category-ultimas-noticias","entry","has-media"],"_links":{"self":[{"href":"https:\/\/crarn.org.br\/index.php?rest_route=\/wp\/v2\/posts\/64573","targetHints":{"allow":["GET"]}}],"collection":[{"href":"https:\/\/crarn.org.br\/index.php?rest_route=\/wp\/v2\/posts"}],"about":[{"href":"https:\/\/crarn.org.br\/index.php?rest_route=\/wp\/v2\/types\/post"}],"author":[{"embeddable":true,"href":"https:\/\/crarn.org.br\/index.php?rest_route=\/wp\/v2\/users\/26"}],"replies":[{"embeddable":true,"href":"https:\/\/crarn.org.br\/index.php?rest_route=%2Fwp%2Fv2%2Fcomments&post=64573"}],"version-history":[{"count":2,"href":"https:\/\/crarn.org.br\/index.php?rest_route=\/wp\/v2\/posts\/64573\/revisions"}],"predecessor-version":[{"id":64577,"href":"https:\/\/crarn.org.br\/index.php?rest_route=\/wp\/v2\/posts\/64573\/revisions\/64577"}],"wp:featuredmedia":[{"embeddable":true,"href":"https:\/\/crarn.org.br\/index.php?rest_route=\/wp\/v2\/media\/64575"}],"wp:attachment":[{"href":"https:\/\/crarn.org.br\/index.php?rest_route=%2Fwp%2Fv2%2Fmedia&parent=64573"}],"wp:term":[{"taxonomy":"category","embeddable":true,"href":"https:\/\/crarn.org.br\/index.php?rest_route=%2Fwp%2Fv2%2Fcategories&post=64573"},{"taxonomy":"post_tag","embeddable":true,"href":"https:\/\/crarn.org.br\/index.php?rest_route=%2Fwp%2Fv2%2Ftags&post=64573"}],"curies":[{"name":"wp","href":"https:\/\/api.w.org\/{rel}","templated":true}]}}