{"id":64541,"date":"2022-03-14T13:25:00","date_gmt":"2022-03-14T16:25:00","guid":{"rendered":"https:\/\/crarn.org.br\/?p=64541"},"modified":"2022-03-14T13:25:03","modified_gmt":"2022-03-14T16:25:03","slug":"cfa-instala-novo-comite-de-certificacao-profissional","status":"publish","type":"post","link":"https:\/\/crarn.org.br\/?p=64541","title":{"rendered":"CFA instala novo Comit\u00ea de Certifica\u00e7\u00e3o Profissional"},"content":{"rendered":"\n<p><\/p>\n\n\n\n<p>O Conselho Federal de Administra\u00e7\u00e3o aprovou a portaria N\u00ba 18, fevereiro de 2022, que instala o novo Comit\u00ea Coordenador de Certifica\u00e7\u00e3o Profissional em Administra\u00e7\u00e3o do Sistema CFA\/CRAs.<\/p>\n\n\n\n<p>O Comit\u00ea Nacional Gestor conta com uma composi\u00e7\u00e3o ecl\u00e9tica e com v\u00e1rios representantes do meio empresarial do pa\u00eds. Para o presidente do CFA, Mauro Kreuz, a troca de experi\u00eancias \u00e9 fundamental para o sucesso da a\u00e7\u00e3o.<\/p>\n\n\n\n<p>\u201c\u00c9 importante ressaltar a composi\u00e7\u00e3o ecl\u00e9tica com a participa\u00e7\u00e3o do mundo empresarial na certifica\u00e7\u00e3o. Uma vez que a certifica\u00e7\u00e3o foi feita para tamb\u00e9m atender as expectativas dos empres\u00e1rios\u201d.<\/p>\n\n\n\n<p>O representante do Conselho Federal de Administra\u00e7\u00e3o e coordenador do Comit\u00ea, Mauro Leonidas, esse trabalho vai fortalecer ainda mais a certifica\u00e7\u00e3o profissional.<\/p>\n\n\n\n<p>\u201cO Comit\u00ea conta com entidades fortes, com atua\u00e7\u00e3o no setor produtivo. Conaje, Fecom\u00e9rcio, Conampe e j\u00e1 conta com a parceria antiga com a FGV. Essas entidades fortalecem a certifica\u00e7\u00e3o do CFA. Iremos divulgar nas entidades de classe, empresas, \u00f3rg\u00e3os p\u00fablicos, institui\u00e7\u00f5es de ensino superior para que a certifica\u00e7\u00e3o profissional seja referendada pelo mercado de trabalho\u201d.<\/p>\n\n\n\n<p>Comit\u00ea<\/p>\n\n\n\n<p>Adm. Mauro dos Santos Leonidas \u2013 Conselho Federal de Administra\u00e7\u00e3o<\/p>\n\n\n\n<p>Prof. Edmundo Maia \u2013 Funda\u00e7\u00e3o Get\u00falio Vargas<\/p>\n\n\n\n<p>Adm. Eraldo Ricardo dos Santos \u2013 Sebrae<\/p>\n\n\n\n<p>Adm. Marcus Vin\u00edcius Casaes de Carvalho \u2013 Federa\u00e7\u00e3o Nacional dos Jovens Empres\u00e1rios<\/p>\n\n\n\n<p>Adm. Jos\u00e9 Lino Sepulcri \u2013&nbsp; Federa\u00e7\u00e3o Nacional do Com\u00e9rcio<\/p>\n\n\n\n<p>Cont. Erc\u00edlio Santinoni \u2013 Confedera\u00e7\u00e3o Nacional das Micro e Pequenas Empresas e dos Empreendedores Individuais<\/p>\n\n\n\n<p>Adm. Sueli Cristina Rodrigues de Moraes \u2013 Conselho Federal de Administra\u00e7\u00e3o<\/p>\n\n\n\n<p>Certifica\u00e7\u00e3o<\/p>\n\n\n\n<p>A Certifica\u00e7\u00e3o Profissional do CFA \u00e9 destinada para que os profissionais da Administra\u00e7\u00e3o re\u00fanam as compet\u00eancias, em \u00e1reas espec\u00edficas, que os tornam competitivos no mercado de trabalho. A aferi\u00e7\u00e3o do conhecimento \u00e9 feita por meio de prova elaborada por professores renomados. O exame se dar\u00e1 pelo aproveitamento de no m\u00ednimo 60% das quest\u00f5es, que equivalem a 27 quest\u00f5es. A prova possui 45 quest\u00f5es.<\/p>\n\n\n\n<p>Seja um profissional completo e de alta performance com o Programa de Certifica\u00e7\u00e3o Profissional do Sistema CFA\/CRAs. Aqui voc\u00ea prova sua expertise, conhecimento e habilidade.<\/p>\n\n\n\n<p>Rodrigo Miranda<\/p>\n\n\n\n<p>Assessoria de Comunica\u00e7\u00e3o CFA<\/p>\n<button class=\"simplefavorite-button\" data-postid=\"64541\" data-siteid=\"1\" data-groupid=\"1\" data-favoritecount=\"0\" style=\"\">Favorite <i class=\"sf-icon-star-empty\"><\/i><\/button>","protected":false},"excerpt":{"rendered":"<p>O Conselho Federal de Administra\u00e7\u00e3o aprovou a portaria N\u00ba 18, fevereiro de 2022, que instala o novo Comit\u00ea Coordenador de Certifica\u00e7\u00e3o Profissional em Administra\u00e7\u00e3o do Sistema CFA\/CRAs. O Comit\u00ea Nacional Gestor conta com uma composi\u00e7\u00e3o ecl\u00e9tica e com v\u00e1rios representantes do meio empresarial do pa\u00eds. Para o presidente do CFA, Mauro Kreuz, a troca de<a class=\"read-more\" href=\"https:\/\/crarn.org.br\/?p=64541\"> [&hellip;]<\/a><\/p>\n","protected":false},"author":26,"featured_media":64542,"comment_status":"closed","ping_status":"open","sticky":true,"template":"","format":"standard","meta":{"_price":"","_stock":"","_tribe_ticket_header":"","_tribe_default_ticket_provider":"","_tribe_ticket_capacity":"0","_ticket_start_date":"","_ticket_end_date":"","_tribe_ticket_show_description":"","_tribe_ticket_show_not_going":false,"_tribe_ticket_use_global_stock":"","_tribe_ticket_global_stock_level":"","_global_stock_mode":"","_global_stock_cap":"","_tribe_rsvp_for_event":"","_tribe_ticket_going_count":"","_tribe_ticket_not_going_count":"","_tribe_tickets_list":"[]","_tribe_ticket_has_attendee_info_fields":false,"footnotes":"","_links_to":"","_links_to_target":""},"categories":[547,426,312,320,399,309],"tags":[],"class_list":["post-64541","post","type-post","status-publish","format-standard","has-post-thumbnail","hentry","category-ano-2021","category-cfa","category-destaque-pequeno-inferior","category-home","category-institucional","category-ultimas-noticias","entry","has-media"],"_links":{"self":[{"href":"https:\/\/crarn.org.br\/index.php?rest_route=\/wp\/v2\/posts\/64541","targetHints":{"allow":["GET"]}}],"collection":[{"href":"https:\/\/crarn.org.br\/index.php?rest_route=\/wp\/v2\/posts"}],"about":[{"href":"https:\/\/crarn.org.br\/index.php?rest_route=\/wp\/v2\/types\/post"}],"author":[{"embeddable":true,"href":"https:\/\/crarn.org.br\/index.php?rest_route=\/wp\/v2\/users\/26"}],"replies":[{"embeddable":true,"href":"https:\/\/crarn.org.br\/index.php?rest_route=%2Fwp%2Fv2%2Fcomments&post=64541"}],"version-history":[{"count":1,"href":"https:\/\/crarn.org.br\/index.php?rest_route=\/wp\/v2\/posts\/64541\/revisions"}],"predecessor-version":[{"id":64543,"href":"https:\/\/crarn.org.br\/index.php?rest_route=\/wp\/v2\/posts\/64541\/revisions\/64543"}],"wp:featuredmedia":[{"embeddable":true,"href":"https:\/\/crarn.org.br\/index.php?rest_route=\/wp\/v2\/media\/64542"}],"wp:attachment":[{"href":"https:\/\/crarn.org.br\/index.php?rest_route=%2Fwp%2Fv2%2Fmedia&parent=64541"}],"wp:term":[{"taxonomy":"category","embeddable":true,"href":"https:\/\/crarn.org.br\/index.php?rest_route=%2Fwp%2Fv2%2Fcategories&post=64541"},{"taxonomy":"post_tag","embeddable":true,"href":"https:\/\/crarn.org.br\/index.php?rest_route=%2Fwp%2Fv2%2Ftags&post=64541"}],"curies":[{"name":"wp","href":"https:\/\/api.w.org\/{rel}","templated":true}]}}