{"id":64528,"date":"2022-03-04T16:51:15","date_gmt":"2022-03-04T19:51:15","guid":{"rendered":"https:\/\/crarn.org.br\/?p=64528"},"modified":"2022-03-04T16:51:18","modified_gmt":"2022-03-04T19:51:18","slug":"o-mes-e-todo-seu-mulher-fique-por-dentro-da-agenda-de-marco","status":"publish","type":"post","link":"https:\/\/crarn.org.br\/?p=64528","title":{"rendered":"O m\u00eas \u00e9 todo seu, mulher: Fique por dentro da agenda de mar\u00e7o"},"content":{"rendered":"\n<p>N\u00e3o \u00e9 de hoje que o Sistema CFA\/CRAs contempla a paridade de g\u00eanero e a luta pela igualdade na profiss\u00e3o. Em mar\u00e7o, inclusive, n\u00e3o seria diferente \u2013 principalmente quando se celebra o Dia Internacional da Mulher, comemorado no pr\u00f3ximo dia 8, ter\u00e7a-feira. A data\u00a0relembra as batalhas enfrentadas por elas durante toda hist\u00f3ria e destaca as demandas por direitos negados que \u2013 tristemente \u2013 persistem nos dias atuais. A fim de fortalecer ainda mais a bandeira da diversidade no Brasil, o Conselho Federal de Administra\u00e7\u00e3o vai realizar neste m\u00eas, uma s\u00e9rie de a\u00e7\u00f5es, projetos e transmiss\u00f5es \u2013 em todas os nossos meios de comunica\u00e7\u00e3o e redes sociais \u2013 com intuito de dar visibilidade \u00e0s bandeiras de luta n\u00e3o s\u00f3 das mulheres, mas de todas as Administradoras do pa\u00eds.<\/p>\n<p>\u00a0<\/p>\n<p><b>Agenda da Mulher<br \/><\/b><\/p>\n<p>O m\u00eas mal come\u00e7ou e a C\u00e2mara de Comunica\u00e7\u00e3o e Marketing da autarquia j\u00e1 disponibilizou na frequ\u00eancia azul da R\u00e1dio ADM e no CFAPlay \u2013 um super bate-papo com a Administradora e gestora dos Recursos Pr\u00f3prios da Unimed Bel\u00e9m, St\u00e9phanie Mengarda, que nos contou sobre os desafios da carreira e a constru\u00e7\u00e3o da trajet\u00f3ria voltada a Gest\u00e3o da sa\u00fade, detalhando o espa\u00e7o feminino no setor hospitalar, o desenvolvimento de processos e procedimentos no dia a\u00a0dia da sua atividade de trabalho e a expertise como\u00a0 profissional de Administra\u00e7\u00e3o. Legal, n\u00e9? O conte\u00fado voc\u00ea na \u00edntegra na programa\u00e7\u00e3o aqui:<\/p>\n<p>R\u00e1dio ADM: (Clique\u00a0<a href=\"http:\/\/www.radioadm.org.br\/cfadm\/not\/56941\" target=\"_blank\" rel=\"noopener\">aqui<\/a>)\u00a0<br \/>CFAPlay: (Clique\u00a0<a href=\"https:\/\/www.youtube.com\/watch?v=k3YDMA4E38M\" target=\"_blank\" rel=\"noopener\">aqui<\/a>)\u00a0<\/p>\n<p>\u00a0<\/p>\n<p><b>Mulher em Foco: todo dia e em qualquer lugar!\u00a0\u00a0<\/b><\/p>\n<p>O CFAPlay realizar\u00e1 no Dia Internacional da Mulher, 8 de mar\u00e7o, \u00e0s 16h, mais um webinar em parceria com a Comiss\u00e3o ADM Mulher. Na ocasi\u00e3o, falaremos das principais a\u00e7\u00f5es\/programas da pasta e uma retrospectiva sobre o hist\u00f3rico da Comiss\u00e3o nos \u00faltimos anos. E n\u00e3o para por a\u00ed, a transmiss\u00e3o contar\u00e1, tamb\u00e9m, com a divulga\u00e7\u00e3o e explica\u00e7\u00e3o de mais dois projetos in\u00e9ditos \u2013 idealizados e produzidos no Sistema CFA\/CRAs. O presidente do CFA, Mauro Kreuz, far\u00e1 a abertura do evento virtual. Programe-se e n\u00e3o deixe de participar!\u00a0<\/p>\n<p>\u00a0<\/p>\n<p><p class=\"responsive-video-wrap clr\"><iframe title=\"Mulher em Foco: todo dia e em qualquer lugar!\" width=\"1200\" height=\"675\" src=\"https:\/\/www.youtube.com\/embed\/HV6oggh7dj0?feature=oembed\" frameborder=\"0\" allow=\"accelerometer; autoplay; clipboard-write; encrypted-media; gyroscope; picture-in-picture\" allowfullscreen><\/iframe><\/p><\/p>\n<p>\u00a0<\/p>\n<p><b>Empreendedorismo feminino\u00a0<\/b><br \/><br \/>\u201cInspirando Mulheres Empreendedoras\u201d, este o nome de um dos principais eventos do pa\u00eds e do exterior\u00a0 voltado ao p\u00fablico feminino \u2013 que neste m\u00eas, 17 a 19, acontecer\u00e1 em S\u00e3o Miguel das Miss\u00f5es, no Rio Grande do Sul. O evento que tem como objetivo conectar, capacitar e inspirar mulheres\u00a0 \u2013 contar\u00e1 com palestras nacionais e internacionais, workshops, cursos, rodada de neg\u00f3cios, visita t\u00e9cnica, feira de empreendedorismo e muito mais.<br \/><br \/><img fetchpriority=\"high\" decoding=\"async\" class=\"wp-image-90473 alignright\" src=\"https:\/\/cfa.org.br\/wp-content\/uploads\/2022\/03\/61a9fefd8f691-lg.png\" alt=\"\" width=\"494\" height=\"259\" \/>O Programa Internacional Inspirando Mulheres Empreendedoras come\u00e7ou na europa, passou pelos Emirados \u00c1rabes, pelo nordeste e agora est\u00e1 chegando ao sul do Brasil, com o apoio da Comiss\u00e3o ADM Mulher Nacional, CRA-RS e transmiss\u00e3o especial do CFAPlay. Fa\u00e7a parte deste evento,\u00a0 inscreva-se e saiba mais (acesse o site\u00a0<a href=\"https:\/\/www.sympla.com.br\/evento\/inspirando-mulheres-empreendedoras-rio-grande-do-sul\/1433704\" target=\"_blank\" rel=\"noopener\">aqui<\/a>).\u00a0<\/p>\n<p>\u00a0<\/p>\n<p><b>E tem novidade por a\u00ed!\u00a0<\/b><\/p>\n<p>O mundo mudou e a consequ\u00eancia disso s\u00e3o os novos desafios. N\u00e3o por acaso, as mulheres empreendedoras t\u00eam mostrado enorme potencial de inovar e seguir adiante. Por acreditar nessa luta e por compreender todos os obst\u00e1culos enfrentados neste segmento, o Sistema CFA\/CRAs contribuir\u00e1 ainda mais com todas elas no quesito informa\u00e7\u00e3o, conte\u00fado, capacita\u00e7\u00e3o e protagonismo feminino no setor. O projeto ainda \u00e9 uma surpresa, mas ser\u00e1 apresentado ao p\u00fablico na pr\u00f3xima semana.\u00a0<strong>Voc\u00ea n\u00e3o perde por esperar!<\/strong><\/p>\n<p><strong><br \/><br \/>Paulo Melo<br \/>Assessor de Comunica\u00e7\u00e3o CFA\u00a0<\/strong><\/p>\n<p>\u00a0<\/p>\n<button class=\"simplefavorite-button\" data-postid=\"64528\" data-siteid=\"1\" data-groupid=\"1\" data-favoritecount=\"0\" style=\"\">Favorite <i class=\"sf-icon-star-empty\"><\/i><\/button>","protected":false},"excerpt":{"rendered":"<p>N\u00e3o \u00e9 de hoje que o Sistema CFA\/CRAs contempla a paridade de g\u00eanero e a luta pela igualdade na profiss\u00e3o. Em mar\u00e7o, inclusive, n\u00e3o seria diferente \u2013 principalmente quando se celebra o Dia Internacional da Mulher, comemorado no pr\u00f3ximo dia 8, ter\u00e7a-feira. A data\u00a0relembra as batalhas enfrentadas por elas durante toda hist\u00f3ria e destaca as<a class=\"read-more\" href=\"https:\/\/crarn.org.br\/?p=64528\"> [&hellip;]<\/a><\/p>\n","protected":false},"author":26,"featured_media":64530,"comment_status":"closed","ping_status":"open","sticky":true,"template":"","format":"standard","meta":{"_price":"","_stock":"","_tribe_ticket_header":"","_tribe_default_ticket_provider":"","_tribe_ticket_capacity":"0","_ticket_start_date":"","_ticket_end_date":"","_tribe_ticket_show_description":"","_tribe_ticket_show_not_going":false,"_tribe_ticket_use_global_stock":"","_tribe_ticket_global_stock_level":"","_global_stock_mode":"","_global_stock_cap":"","_tribe_rsvp_for_event":"","_tribe_ticket_going_count":"","_tribe_ticket_not_going_count":"","_tribe_tickets_list":"[]","_tribe_ticket_has_attendee_info_fields":false,"footnotes":"","_links_to":"","_links_to_target":""},"categories":[547,426,320,399,309],"tags":[],"class_list":["post-64528","post","type-post","status-publish","format-standard","has-post-thumbnail","hentry","category-ano-2021","category-cfa","category-home","category-institucional","category-ultimas-noticias","entry","has-media"],"_links":{"self":[{"href":"https:\/\/crarn.org.br\/index.php?rest_route=\/wp\/v2\/posts\/64528","targetHints":{"allow":["GET"]}}],"collection":[{"href":"https:\/\/crarn.org.br\/index.php?rest_route=\/wp\/v2\/posts"}],"about":[{"href":"https:\/\/crarn.org.br\/index.php?rest_route=\/wp\/v2\/types\/post"}],"author":[{"embeddable":true,"href":"https:\/\/crarn.org.br\/index.php?rest_route=\/wp\/v2\/users\/26"}],"replies":[{"embeddable":true,"href":"https:\/\/crarn.org.br\/index.php?rest_route=%2Fwp%2Fv2%2Fcomments&post=64528"}],"version-history":[{"count":1,"href":"https:\/\/crarn.org.br\/index.php?rest_route=\/wp\/v2\/posts\/64528\/revisions"}],"predecessor-version":[{"id":64529,"href":"https:\/\/crarn.org.br\/index.php?rest_route=\/wp\/v2\/posts\/64528\/revisions\/64529"}],"wp:featuredmedia":[{"embeddable":true,"href":"https:\/\/crarn.org.br\/index.php?rest_route=\/wp\/v2\/media\/64530"}],"wp:attachment":[{"href":"https:\/\/crarn.org.br\/index.php?rest_route=%2Fwp%2Fv2%2Fmedia&parent=64528"}],"wp:term":[{"taxonomy":"category","embeddable":true,"href":"https:\/\/crarn.org.br\/index.php?rest_route=%2Fwp%2Fv2%2Fcategories&post=64528"},{"taxonomy":"post_tag","embeddable":true,"href":"https:\/\/crarn.org.br\/index.php?rest_route=%2Fwp%2Fv2%2Ftags&post=64528"}],"curies":[{"name":"wp","href":"https:\/\/api.w.org\/{rel}","templated":true}]}}