{"id":64515,"date":"2022-03-03T12:37:47","date_gmt":"2022-03-03T15:37:47","guid":{"rendered":"https:\/\/crarn.org.br\/?p=64515"},"modified":"2022-03-03T12:37:49","modified_gmt":"2022-03-03T15:37:49","slug":"cra-rn-impugna-100-dos-editais-denunciados","status":"publish","type":"post","link":"https:\/\/crarn.org.br\/?p=64515","title":{"rendered":"CRA-RN impugna 100% dos editais denunciados"},"content":{"rendered":"\n<p>O Impugn\u00f4metro \u00e9 uma ferramenta utilizada pelo CRA-RN, que permite mensurar a quantidade de editais denunciados, fiscalizados, impugnados e judicializados pelo regional.<\/p>\n<p>Por meio deste recurso fica bem mais f\u00e1cil acompanhar os resultados das v\u00e1rias etapas do processo de fiscaliza\u00e7\u00e3o de editais de licita\u00e7\u00e3o: a administrativa e a judicial.<\/p>\n<p>Em 2021, dos editais denunciados, 100% foram impugnados administrativamente pelo Conselho, sendo que, 83% deles tiveram que ser judicializados por meio de mandados de seguran\u00e7a.<\/p>\n<p>A fiscaliza\u00e7\u00e3o de editais de licita\u00e7\u00e3o, realizada rotineiramente pelo CRA-RN, tem como objetivo coibir o descumprimento dos dispositivos legais que tratam do registro obrigat\u00f3rio de empresas e da anota\u00e7\u00e3o da responsabilidade t\u00e9cnica, quando da contrata\u00e7\u00e3o de servi\u00e7os em \u00e1reas da Administra\u00e7\u00e3o.<\/p>\n<button class=\"simplefavorite-button\" data-postid=\"64515\" data-siteid=\"1\" data-groupid=\"1\" data-favoritecount=\"0\" style=\"\">Favorite <i class=\"sf-icon-star-empty\"><\/i><\/button>","protected":false},"excerpt":{"rendered":"<p>O Impugn\u00f4metro \u00e9 uma ferramenta utilizada pelo CRA-RN, que permite mensurar a quantidade de editais denunciados, fiscalizados, impugnados e judicializados pelo regional. Por meio deste recurso fica bem mais f\u00e1cil acompanhar os resultados das v\u00e1rias etapas do processo de fiscaliza\u00e7\u00e3o de editais de licita\u00e7\u00e3o: a administrativa e a judicial. Em 2021, dos editais denunciados, 100%<a class=\"read-more\" href=\"https:\/\/crarn.org.br\/?p=64515\"> [&hellip;]<\/a><\/p>\n","protected":false},"author":26,"featured_media":64516,"comment_status":"closed","ping_status":"open","sticky":true,"template":"","format":"standard","meta":{"_price":"","_stock":"","_tribe_ticket_header":"","_tribe_default_ticket_provider":"","_tribe_ticket_capacity":"0","_ticket_start_date":"","_ticket_end_date":"","_tribe_ticket_show_description":"","_tribe_ticket_show_not_going":false,"_tribe_ticket_use_global_stock":"","_tribe_ticket_global_stock_level":"","_global_stock_mode":"","_global_stock_cap":"","_tribe_rsvp_for_event":"","_tribe_ticket_going_count":"","_tribe_ticket_not_going_count":"","_tribe_tickets_list":"[]","_tribe_ticket_has_attendee_info_fields":false,"footnotes":"","_links_to":"","_links_to_target":""},"categories":[548,310,399,309],"tags":[],"class_list":["post-64515","post","type-post","status-publish","format-standard","has-post-thumbnail","hentry","category-ano-2022","category-destaque-grande","category-institucional","category-ultimas-noticias","entry","has-media"],"_links":{"self":[{"href":"https:\/\/crarn.org.br\/index.php?rest_route=\/wp\/v2\/posts\/64515","targetHints":{"allow":["GET"]}}],"collection":[{"href":"https:\/\/crarn.org.br\/index.php?rest_route=\/wp\/v2\/posts"}],"about":[{"href":"https:\/\/crarn.org.br\/index.php?rest_route=\/wp\/v2\/types\/post"}],"author":[{"embeddable":true,"href":"https:\/\/crarn.org.br\/index.php?rest_route=\/wp\/v2\/users\/26"}],"replies":[{"embeddable":true,"href":"https:\/\/crarn.org.br\/index.php?rest_route=%2Fwp%2Fv2%2Fcomments&post=64515"}],"version-history":[{"count":1,"href":"https:\/\/crarn.org.br\/index.php?rest_route=\/wp\/v2\/posts\/64515\/revisions"}],"predecessor-version":[{"id":64517,"href":"https:\/\/crarn.org.br\/index.php?rest_route=\/wp\/v2\/posts\/64515\/revisions\/64517"}],"wp:featuredmedia":[{"embeddable":true,"href":"https:\/\/crarn.org.br\/index.php?rest_route=\/wp\/v2\/media\/64516"}],"wp:attachment":[{"href":"https:\/\/crarn.org.br\/index.php?rest_route=%2Fwp%2Fv2%2Fmedia&parent=64515"}],"wp:term":[{"taxonomy":"category","embeddable":true,"href":"https:\/\/crarn.org.br\/index.php?rest_route=%2Fwp%2Fv2%2Fcategories&post=64515"},{"taxonomy":"post_tag","embeddable":true,"href":"https:\/\/crarn.org.br\/index.php?rest_route=%2Fwp%2Fv2%2Ftags&post=64515"}],"curies":[{"name":"wp","href":"https:\/\/api.w.org\/{rel}","templated":true}]}}