{"id":64512,"date":"2022-02-24T17:17:28","date_gmt":"2022-02-24T20:17:28","guid":{"rendered":"https:\/\/crarn.org.br\/?p=64512"},"modified":"2022-03-04T16:56:40","modified_gmt":"2022-03-04T19:56:40","slug":"cra-rn-faz-palestra-para-alunos-da-unp-currais-novos","status":"publish","type":"post","link":"https:\/\/crarn.org.br\/?p=64512","title":{"rendered":"CRA-RN faz palestra para alunos da \u00a0\u00a0UnP -Currais Novos"},"content":{"rendered":"\n<p>O diretor de Fiscaliza\u00e7\u00e3o e Registro do CRA-RN, Adm. Di\u00eago Dantas, esteve na UnP \u2013 P\u00f3lo Currais Novos, na noite desta quarta-feira (23\/02).<\/p>\n<p>Durante a visita, o diretor falou aos concluintes de Administra\u00e7\u00e3o sobre \u201cA Import\u00e2ncia do CRA-RN para a Profiss\u00e3o\u201d.<\/p>\n<p>A palestra faz parte de um projeto do regional que tem como objetivo aproximar o Conselho dos estudantes , de forma a orient\u00e1-los quanto \u00e0 profiss\u00e3o que escolheram e a necessidade do registro para exerc\u00ea-la legalmente.<\/p>\n<p>Para o CRA-RN, orientar os futuros profissionais \u00e9 muito importante e merece destaque entre as atividades que v\u00eam sendo desenvolvidas pela atual gest\u00e3o do regional. \u00a0\u00a0<\/p>\n<button class=\"simplefavorite-button\" data-postid=\"64512\" data-siteid=\"1\" data-groupid=\"1\" data-favoritecount=\"0\" style=\"\">Favorite <i class=\"sf-icon-star-empty\"><\/i><\/button>","protected":false},"excerpt":{"rendered":"<p>O diretor de Fiscaliza\u00e7\u00e3o e Registro do CRA-RN, Adm. Di\u00eago Dantas, esteve na UnP \u2013 P\u00f3lo Currais Novos, na noite desta quarta-feira (23\/02). Durante a visita, o diretor falou aos concluintes de Administra\u00e7\u00e3o sobre \u201cA Import\u00e2ncia do CRA-RN para a Profiss\u00e3o\u201d. A palestra faz parte de um projeto do regional que tem como objetivo aproximar<a class=\"read-more\" href=\"https:\/\/crarn.org.br\/?p=64512\"> [&hellip;]<\/a><\/p>\n","protected":false},"author":26,"featured_media":64513,"comment_status":"closed","ping_status":"open","sticky":true,"template":"","format":"standard","meta":{"_price":"","_stock":"","_tribe_ticket_header":"","_tribe_default_ticket_provider":"","_tribe_ticket_capacity":"0","_ticket_start_date":"","_ticket_end_date":"","_tribe_ticket_show_description":"","_tribe_ticket_show_not_going":false,"_tribe_ticket_use_global_stock":"","_tribe_ticket_global_stock_level":"","_global_stock_mode":"","_global_stock_cap":"","_tribe_rsvp_for_event":"","_tribe_ticket_going_count":"","_tribe_ticket_not_going_count":"","_tribe_tickets_list":"[]","_tribe_ticket_has_attendee_info_fields":false,"footnotes":"","_links_to":"","_links_to_target":""},"categories":[548,309],"tags":[],"class_list":["post-64512","post","type-post","status-publish","format-standard","has-post-thumbnail","hentry","category-ano-2022","category-ultimas-noticias","entry","has-media"],"_links":{"self":[{"href":"https:\/\/crarn.org.br\/index.php?rest_route=\/wp\/v2\/posts\/64512","targetHints":{"allow":["GET"]}}],"collection":[{"href":"https:\/\/crarn.org.br\/index.php?rest_route=\/wp\/v2\/posts"}],"about":[{"href":"https:\/\/crarn.org.br\/index.php?rest_route=\/wp\/v2\/types\/post"}],"author":[{"embeddable":true,"href":"https:\/\/crarn.org.br\/index.php?rest_route=\/wp\/v2\/users\/26"}],"replies":[{"embeddable":true,"href":"https:\/\/crarn.org.br\/index.php?rest_route=%2Fwp%2Fv2%2Fcomments&post=64512"}],"version-history":[{"count":1,"href":"https:\/\/crarn.org.br\/index.php?rest_route=\/wp\/v2\/posts\/64512\/revisions"}],"predecessor-version":[{"id":64514,"href":"https:\/\/crarn.org.br\/index.php?rest_route=\/wp\/v2\/posts\/64512\/revisions\/64514"}],"wp:featuredmedia":[{"embeddable":true,"href":"https:\/\/crarn.org.br\/index.php?rest_route=\/wp\/v2\/media\/64513"}],"wp:attachment":[{"href":"https:\/\/crarn.org.br\/index.php?rest_route=%2Fwp%2Fv2%2Fmedia&parent=64512"}],"wp:term":[{"taxonomy":"category","embeddable":true,"href":"https:\/\/crarn.org.br\/index.php?rest_route=%2Fwp%2Fv2%2Fcategories&post=64512"},{"taxonomy":"post_tag","embeddable":true,"href":"https:\/\/crarn.org.br\/index.php?rest_route=%2Fwp%2Fv2%2Ftags&post=64512"}],"curies":[{"name":"wp","href":"https:\/\/api.w.org\/{rel}","templated":true}]}}