{"id":64498,"date":"2022-02-17T14:31:30","date_gmt":"2022-02-17T17:31:30","guid":{"rendered":"https:\/\/crarn.org.br\/?p=64498"},"modified":"2022-02-17T14:31:33","modified_gmt":"2022-02-17T17:31:33","slug":"cra-rn-participa-do-1o-forum-de-presidentes-de-2022","status":"publish","type":"post","link":"https:\/\/crarn.org.br\/?p=64498","title":{"rendered":"CRA-RN participa do 1\u00ba F\u00f3rum de presidentes de 2022"},"content":{"rendered":"\n<p>O presidente do CRA-RN, Adm. Fl\u00e1vio Em\u00edlio Cavalcanti, participa, nesta quinta e sexta-feira, do 1\u00ba F\u00f3rum de Presidentes do Sistema CFA\/CRAs 2022, em Bras\u00edlia\/DF.<\/p>\n<p>A reuni\u00e3o contou com a presen\u00e7a dos presidentes dos 27 regionais, al\u00e9m dos conselheiros federais.<\/p>\n<p>Ap\u00f3s a abertura e considera\u00e7\u00f5es do presidente do CFA, Adm. Mauro Kreuz, foi dada sequ\u00eancia \u00e0 pauta, que inclui, entre outros assuntos, o Estudo e Revis\u00e3o no texto e abrang\u00eancia da Resolu\u00e7\u00e3o Normativa n. 505\/2017 que \u201cDisp\u00f5e sobre o registro no Conselho Regional de Administra\u00e7\u00e3o, dos diplomados em Cursos Superiores de Tecnologia conexos \u00e0 ci\u00eancia da Administra\u00e7\u00e3o; XVII F\u00f3rum Internacional de Administra\u00e7\u00e3o; atualiza\u00e7\u00e3o do C\u00f3digo de \u00c9tica; fortalecimento do registro de empresas na \u00e1rea de m\u00e3o de obra terceirizada; Plano Nacional de Fiscaliza\u00e7\u00e3o do Sistema CFA\/CRAs<\/p>\n<p>As discuss\u00f5es ser\u00e3o encerradas nesta sexta-feira, com a aprecia\u00e7\u00e3o da \u00a0agenda para o 2\u00ba F\u00f3rum de Presidentes 2022, a ser realizado em setembro, na cidade de Bel\u00e9m\/PA.<\/p>\n<button class=\"simplefavorite-button\" data-postid=\"64498\" data-siteid=\"1\" data-groupid=\"1\" data-favoritecount=\"0\" style=\"\">Favorite <i class=\"sf-icon-star-empty\"><\/i><\/button>","protected":false},"excerpt":{"rendered":"<p>O presidente do CRA-RN, Adm. Fl\u00e1vio Em\u00edlio Cavalcanti, participa, nesta quinta e sexta-feira, do 1\u00ba F\u00f3rum de Presidentes do Sistema CFA\/CRAs 2022, em Bras\u00edlia\/DF. A reuni\u00e3o contou com a presen\u00e7a dos presidentes dos 27 regionais, al\u00e9m dos conselheiros federais. Ap\u00f3s a abertura e considera\u00e7\u00f5es do presidente do CFA, Adm. Mauro Kreuz, foi dada sequ\u00eancia \u00e0<a class=\"read-more\" href=\"https:\/\/crarn.org.br\/?p=64498\"> [&hellip;]<\/a><\/p>\n","protected":false},"author":26,"featured_media":64499,"comment_status":"closed","ping_status":"open","sticky":true,"template":"","format":"standard","meta":{"_price":"","_stock":"","_tribe_ticket_header":"","_tribe_default_ticket_provider":"","_tribe_ticket_capacity":"0","_ticket_start_date":"","_ticket_end_date":"","_tribe_ticket_show_description":"","_tribe_ticket_show_not_going":false,"_tribe_ticket_use_global_stock":"","_tribe_ticket_global_stock_level":"","_global_stock_mode":"","_global_stock_cap":"","_tribe_rsvp_for_event":"","_tribe_ticket_going_count":"","_tribe_ticket_not_going_count":"","_tribe_tickets_list":"[]","_tribe_ticket_has_attendee_info_fields":false,"footnotes":"","_links_to":"","_links_to_target":""},"categories":[548,310,320,399,309],"tags":[],"class_list":["post-64498","post","type-post","status-publish","format-standard","has-post-thumbnail","hentry","category-ano-2022","category-destaque-grande","category-home","category-institucional","category-ultimas-noticias","entry","has-media"],"_links":{"self":[{"href":"https:\/\/crarn.org.br\/index.php?rest_route=\/wp\/v2\/posts\/64498","targetHints":{"allow":["GET"]}}],"collection":[{"href":"https:\/\/crarn.org.br\/index.php?rest_route=\/wp\/v2\/posts"}],"about":[{"href":"https:\/\/crarn.org.br\/index.php?rest_route=\/wp\/v2\/types\/post"}],"author":[{"embeddable":true,"href":"https:\/\/crarn.org.br\/index.php?rest_route=\/wp\/v2\/users\/26"}],"replies":[{"embeddable":true,"href":"https:\/\/crarn.org.br\/index.php?rest_route=%2Fwp%2Fv2%2Fcomments&post=64498"}],"version-history":[{"count":1,"href":"https:\/\/crarn.org.br\/index.php?rest_route=\/wp\/v2\/posts\/64498\/revisions"}],"predecessor-version":[{"id":64500,"href":"https:\/\/crarn.org.br\/index.php?rest_route=\/wp\/v2\/posts\/64498\/revisions\/64500"}],"wp:featuredmedia":[{"embeddable":true,"href":"https:\/\/crarn.org.br\/index.php?rest_route=\/wp\/v2\/media\/64499"}],"wp:attachment":[{"href":"https:\/\/crarn.org.br\/index.php?rest_route=%2Fwp%2Fv2%2Fmedia&parent=64498"}],"wp:term":[{"taxonomy":"category","embeddable":true,"href":"https:\/\/crarn.org.br\/index.php?rest_route=%2Fwp%2Fv2%2Fcategories&post=64498"},{"taxonomy":"post_tag","embeddable":true,"href":"https:\/\/crarn.org.br\/index.php?rest_route=%2Fwp%2Fv2%2Ftags&post=64498"}],"curies":[{"name":"wp","href":"https:\/\/api.w.org\/{rel}","templated":true}]}}