{"id":64488,"date":"2022-02-15T16:15:25","date_gmt":"2022-02-15T19:15:25","guid":{"rendered":"https:\/\/crarn.org.br\/?p=64488"},"modified":"2022-02-17T14:32:42","modified_gmt":"2022-02-17T17:32:42","slug":"plenario-do-cra-rn-discute-acoes-e-projetos","status":"publish","type":"post","link":"https:\/\/crarn.org.br\/?p=64488","title":{"rendered":"Plen\u00e1rio do CRA-RN discute a\u00e7\u00f5es e projetos"},"content":{"rendered":"\n<p>Nesta ter\u00e7a-feira (15\/02) os conselheiros do CRA-RN participaram da segunda reuni\u00e3o plen\u00e1ria de 2022.<\/p>\n<p>Realizada em formato h\u00edbrido e comandada pelo presidente, Adm. Fl\u00e1vio Em\u00edlio Cavalcanti, a reuni\u00e3o contou ainda com a participa\u00e7\u00e3o presencial do vice-presidente, Adm. Rodrigo Fortunato; Diretora Administrativa Financeira, Adm. Kate Maciel; Diretor de Fiscaliza\u00e7\u00e3o e Registro, Adm. Di\u00eago Dantas; Diretora de Forma\u00e7\u00e3o Profissional, Adm. Isabella Mendon\u00e7a e os conselheiros efetivos, Adm. Pablo Phorlan, Adm. Nivaldo Pessoa e a suplente, Adm. Alice Dantas. O conselheiro federal, Adm. J\u00falio Rezende, o suplente, Adm. Sandro Pacheco, os conselheiros efetivos, Adm. C\u00e9lia Ribeiro, Adm. Zen\u00f3bio Pereira, a suplente, Adm. Adrina de Souza e o representante do M\u00e9dio Oeste, Adm. Cassiano Gurgel, participaram remotamente.<\/p>\n<p>O presidente, Adm. Fl\u00e1vio Em\u00edlio, apresentou alguns itens da pauta, com destaque para a loca\u00e7\u00e3o de computadores, que vem modernizar o parque tecnol\u00f3gico do regional, de forma a agilizar o trabalho e os processos desenvolvidos pela equipe. Outros pontos importantes foram abordados, como reforma e projetos de melhoria da sede e a participa\u00e7\u00e3o no I F\u00f3rum de Presidentes, que acontece esta semana, em Bras\u00edlia.<\/p>\n<p>Em seguida, o vice-presidente, Adm. Rodrigo Fortunato e os demais diretores destacaram as principais a\u00e7\u00f5es de suas pastas. Entre elas, o Workshop CRA-RN realizado em Mossor\u00f3 e Caic\u00f3, a\u00e7\u00f5es da Comiss\u00e3o de \u00c9tica e Comiss\u00e3o Eleitoral, balancete de janeiro, receitas, despesas, anteprojeto de RN sobre Registro, aprova\u00e7\u00e3o do Plano de Fiscaliza\u00e7\u00e3o, Projeto Conecta Adm Itinerante e visita \u00e0s IES.<\/p>\n<p>Ao final, foram avaliados os processos relatados e encaminhamentos de praxe.<\/p>\n<p>\u00a0<\/p>\n<p>\u00a0<\/p>\n<button class=\"simplefavorite-button\" data-postid=\"64488\" data-siteid=\"1\" data-groupid=\"1\" data-favoritecount=\"0\" style=\"\">Favorite <i class=\"sf-icon-star-empty\"><\/i><\/button>","protected":false},"excerpt":{"rendered":"<p>Nesta ter\u00e7a-feira (15\/02) os conselheiros do CRA-RN participaram da segunda reuni\u00e3o plen\u00e1ria de 2022. Realizada em formato h\u00edbrido e comandada pelo presidente, Adm. Fl\u00e1vio Em\u00edlio Cavalcanti, a reuni\u00e3o contou ainda com a participa\u00e7\u00e3o presencial do vice-presidente, Adm. Rodrigo Fortunato; Diretora Administrativa Financeira, Adm. Kate Maciel; Diretor de Fiscaliza\u00e7\u00e3o e Registro, Adm. Di\u00eago Dantas; Diretora de<a class=\"read-more\" href=\"https:\/\/crarn.org.br\/?p=64488\"> [&hellip;]<\/a><\/p>\n","protected":false},"author":26,"featured_media":64489,"comment_status":"closed","ping_status":"open","sticky":true,"template":"","format":"standard","meta":{"_price":"","_stock":"","_tribe_ticket_header":"","_tribe_default_ticket_provider":"","_tribe_ticket_capacity":"0","_ticket_start_date":"","_ticket_end_date":"","_tribe_ticket_show_description":"","_tribe_ticket_show_not_going":false,"_tribe_ticket_use_global_stock":"","_tribe_ticket_global_stock_level":"","_global_stock_mode":"","_global_stock_cap":"","_tribe_rsvp_for_event":"","_tribe_ticket_going_count":"","_tribe_ticket_not_going_count":"","_tribe_tickets_list":"[]","_tribe_ticket_has_attendee_info_fields":false,"footnotes":"","_links_to":"","_links_to_target":""},"categories":[548,312,320,399,309],"tags":[],"class_list":["post-64488","post","type-post","status-publish","format-standard","has-post-thumbnail","hentry","category-ano-2022","category-destaque-pequeno-inferior","category-home","category-institucional","category-ultimas-noticias","entry","has-media"],"_links":{"self":[{"href":"https:\/\/crarn.org.br\/index.php?rest_route=\/wp\/v2\/posts\/64488","targetHints":{"allow":["GET"]}}],"collection":[{"href":"https:\/\/crarn.org.br\/index.php?rest_route=\/wp\/v2\/posts"}],"about":[{"href":"https:\/\/crarn.org.br\/index.php?rest_route=\/wp\/v2\/types\/post"}],"author":[{"embeddable":true,"href":"https:\/\/crarn.org.br\/index.php?rest_route=\/wp\/v2\/users\/26"}],"replies":[{"embeddable":true,"href":"https:\/\/crarn.org.br\/index.php?rest_route=%2Fwp%2Fv2%2Fcomments&post=64488"}],"version-history":[{"count":1,"href":"https:\/\/crarn.org.br\/index.php?rest_route=\/wp\/v2\/posts\/64488\/revisions"}],"predecessor-version":[{"id":64490,"href":"https:\/\/crarn.org.br\/index.php?rest_route=\/wp\/v2\/posts\/64488\/revisions\/64490"}],"wp:featuredmedia":[{"embeddable":true,"href":"https:\/\/crarn.org.br\/index.php?rest_route=\/wp\/v2\/media\/64489"}],"wp:attachment":[{"href":"https:\/\/crarn.org.br\/index.php?rest_route=%2Fwp%2Fv2%2Fmedia&parent=64488"}],"wp:term":[{"taxonomy":"category","embeddable":true,"href":"https:\/\/crarn.org.br\/index.php?rest_route=%2Fwp%2Fv2%2Fcategories&post=64488"},{"taxonomy":"post_tag","embeddable":true,"href":"https:\/\/crarn.org.br\/index.php?rest_route=%2Fwp%2Fv2%2Ftags&post=64488"}],"curies":[{"name":"wp","href":"https:\/\/api.w.org\/{rel}","templated":true}]}}