{"id":64474,"date":"2022-02-02T15:18:50","date_gmt":"2022-02-02T18:18:50","guid":{"rendered":"https:\/\/crarn.org.br\/?p=64474"},"modified":"2022-02-16T16:44:14","modified_gmt":"2022-02-16T19:44:14","slug":"cra-rn-no-programa-manha-tcm","status":"publish","type":"post","link":"https:\/\/crarn.org.br\/?p=64474","title":{"rendered":"CRA-RN no Programa Manh\u00e3 TCM"},"content":{"rendered":"\n<p>\u00a0<\/p>\n<p>Na manh\u00e3 desta ter\u00e7a-feira (01\/02), o CRA-RN foi destaque na TV TCM, em Mossor\u00f3.<\/p>\n<p>O presidente do regional, Fl\u00e1vio Em\u00edlio Cavalcanti, juntamente com o vice-presidente, Rodrigo Fortunato e o diretor de Fiscaliza\u00e7\u00e3o e Registro, Di\u00eago Dantas, visitaram a sede da TV e participaram do programa Manh\u00e3 TCM, com a jornalista Danielle Silveira. Durante a entrevista, falaram sobre o trabalho do CRA-RN e ressaltaram a import\u00e2ncia do registro para que o profissional possa exercer legalmente a profiss\u00e3o.<\/p>\n<p>O principal assunto da entrevista foi o Workshop CRA-RN, que vai ser realizado presencialmente, na Uninassau, Mossor\u00f3.<\/p>\n<p>O evento \u00e9 gratuito e aberto.<\/p>\n<button class=\"simplefavorite-button\" data-postid=\"64474\" data-siteid=\"1\" data-groupid=\"1\" data-favoritecount=\"0\" style=\"\">Favorite <i class=\"sf-icon-star-empty\"><\/i><\/button>","protected":false},"excerpt":{"rendered":"<p>\u00a0 Na manh\u00e3 desta ter\u00e7a-feira (01\/02), o CRA-RN foi destaque na TV TCM, em Mossor\u00f3. O presidente do regional, Fl\u00e1vio Em\u00edlio Cavalcanti, juntamente com o vice-presidente, Rodrigo Fortunato e o diretor de Fiscaliza\u00e7\u00e3o e Registro, Di\u00eago Dantas, visitaram a sede da TV e participaram do programa Manh\u00e3 TCM, com a jornalista Danielle Silveira. Durante a<a class=\"read-more\" href=\"https:\/\/crarn.org.br\/?p=64474\"> [&hellip;]<\/a><\/p>\n","protected":false},"author":26,"featured_media":64477,"comment_status":"closed","ping_status":"open","sticky":true,"template":"","format":"standard","meta":{"_price":"","_stock":"","_tribe_ticket_header":"","_tribe_default_ticket_provider":"","_tribe_ticket_capacity":"0","_ticket_start_date":"","_ticket_end_date":"","_tribe_ticket_show_description":"","_tribe_ticket_show_not_going":false,"_tribe_ticket_use_global_stock":"","_tribe_ticket_global_stock_level":"","_global_stock_mode":"","_global_stock_cap":"","_tribe_rsvp_for_event":"","_tribe_ticket_going_count":"","_tribe_ticket_not_going_count":"","_tribe_tickets_list":"[]","_tribe_ticket_has_attendee_info_fields":false,"footnotes":"","_links_to":"","_links_to_target":""},"categories":[548,320,309],"tags":[],"class_list":["post-64474","post","type-post","status-publish","format-standard","has-post-thumbnail","hentry","category-ano-2022","category-home","category-ultimas-noticias","entry","has-media"],"_links":{"self":[{"href":"https:\/\/crarn.org.br\/index.php?rest_route=\/wp\/v2\/posts\/64474","targetHints":{"allow":["GET"]}}],"collection":[{"href":"https:\/\/crarn.org.br\/index.php?rest_route=\/wp\/v2\/posts"}],"about":[{"href":"https:\/\/crarn.org.br\/index.php?rest_route=\/wp\/v2\/types\/post"}],"author":[{"embeddable":true,"href":"https:\/\/crarn.org.br\/index.php?rest_route=\/wp\/v2\/users\/26"}],"replies":[{"embeddable":true,"href":"https:\/\/crarn.org.br\/index.php?rest_route=%2Fwp%2Fv2%2Fcomments&post=64474"}],"version-history":[{"count":2,"href":"https:\/\/crarn.org.br\/index.php?rest_route=\/wp\/v2\/posts\/64474\/revisions"}],"predecessor-version":[{"id":64478,"href":"https:\/\/crarn.org.br\/index.php?rest_route=\/wp\/v2\/posts\/64474\/revisions\/64478"}],"wp:featuredmedia":[{"embeddable":true,"href":"https:\/\/crarn.org.br\/index.php?rest_route=\/wp\/v2\/media\/64477"}],"wp:attachment":[{"href":"https:\/\/crarn.org.br\/index.php?rest_route=%2Fwp%2Fv2%2Fmedia&parent=64474"}],"wp:term":[{"taxonomy":"category","embeddable":true,"href":"https:\/\/crarn.org.br\/index.php?rest_route=%2Fwp%2Fv2%2Fcategories&post=64474"},{"taxonomy":"post_tag","embeddable":true,"href":"https:\/\/crarn.org.br\/index.php?rest_route=%2Fwp%2Fv2%2Ftags&post=64474"}],"curies":[{"name":"wp","href":"https:\/\/api.w.org\/{rel}","templated":true}]}}