{"id":64168,"date":"2021-12-22T08:37:35","date_gmt":"2021-12-22T11:37:35","guid":{"rendered":"https:\/\/crarn.org.br\/?p=64168"},"modified":"2021-12-22T08:50:05","modified_gmt":"2021-12-22T11:50:05","slug":"anote-ai-cfa-divulga-calendario-eleitoral","status":"publish","type":"post","link":"https:\/\/crarn.org.br\/?p=64168","title":{"rendered":"Anote a\u00ed: CFA divulga calend\u00e1rio eleitoral"},"content":{"rendered":"\n<p>Em novembro de 2022, o Conselho Federal de Administra\u00e7\u00e3o (CFA) realizar\u00e1 as Elei\u00e7\u00f5es do Sistema CFA\/CRAs. A data foi revelada e, al\u00e9m do dia da elei\u00e7\u00e3o, a autarquia tamb\u00e9m divulgou o calend\u00e1rio eleitoral com todos os prazos previstos para garantir lisura e transpar\u00eancia no pleito eleitoral.<\/p>\n<p>De acordo com o documento, o CFA e os Conselhos Regionais de Administra\u00e7\u00e3o (CRAs) ter\u00e3o que constituir suas Comiss\u00f5es Permanentes Eleitorais (CPE). Essas Comiss\u00f5es ter\u00e3o at\u00e9 31 de mar\u00e7o para realizarem a abertura do processo administrativo eleitoral. A CPE\/CFA dever\u00e1 publicar o edital de convoca\u00e7\u00e3o para as elei\u00e7\u00f5es at\u00e9 25 de julho.<\/p>\n<p>Uma outra data importante \u00e9 o per\u00edodo para a inscri\u00e7\u00e3o das chapas: 1 a 14 de agosto de 2022. Em seguida vir\u00e3o outros preparativos cujo apogeu acontecer\u00e1 no dia 22 de novembro com a realiza\u00e7\u00e3o das elei\u00e7\u00f5es on-line do Sistema CFA\/CRAs.<\/p>\n<p>O calend\u00e1rio eleitoral completo e com mais informa\u00e7\u00f5es est\u00e1 dispon\u00edvel no site.\u00a0<a href=\"https:\/\/cfa.org.br\/institucional\/institucional-eleicoes-cfacras\/\">Clique aqu<\/a>i\u00a0e confira. Todas as regras das Elei\u00e7\u00f5es do Sistema CFA\/CRAs est\u00e3o dispon\u00edveis na\u00a0<a href=\"https:\/\/documentos.cfa.org.br\/?c=documento&amp;a=show&amp;id=787\">Resolu\u00e7\u00e3o Normativa CFA n\u00ba 613<\/a>, de 10 de dezembro de 2021, que aprova o regulamento do pleito.<\/p>\n<p>\u00a0<\/p>\n<p>Ana Graciele Gon\u00e7alves<\/p>\n<p>Assessoria de Comunica\u00e7\u00e3o CFA<\/p>\n<button class=\"simplefavorite-button\" data-postid=\"64168\" data-siteid=\"1\" data-groupid=\"1\" data-favoritecount=\"0\" style=\"\">Favorite <i class=\"sf-icon-star-empty\"><\/i><\/button>","protected":false},"excerpt":{"rendered":"<p>Em novembro de 2022, o Conselho Federal de Administra\u00e7\u00e3o (CFA) realizar\u00e1 as Elei\u00e7\u00f5es do Sistema CFA\/CRAs. A data foi revelada e, al\u00e9m do dia da elei\u00e7\u00e3o, a autarquia tamb\u00e9m divulgou o calend\u00e1rio eleitoral com todos os prazos previstos para garantir lisura e transpar\u00eancia no pleito eleitoral. De acordo com o documento, o CFA e os<a class=\"read-more\" href=\"https:\/\/crarn.org.br\/?p=64168\"> [&hellip;]<\/a><\/p>\n","protected":false},"author":26,"featured_media":64169,"comment_status":"closed","ping_status":"open","sticky":true,"template":"","format":"standard","meta":{"_price":"","_stock":"","_tribe_ticket_header":"","_tribe_default_ticket_provider":"","_tribe_ticket_capacity":"0","_ticket_start_date":"","_ticket_end_date":"","_tribe_ticket_show_description":"","_tribe_ticket_show_not_going":false,"_tribe_ticket_use_global_stock":"","_tribe_ticket_global_stock_level":"","_global_stock_mode":"","_global_stock_cap":"","_tribe_rsvp_for_event":"","_tribe_ticket_going_count":"","_tribe_ticket_not_going_count":"","_tribe_tickets_list":"[]","_tribe_ticket_has_attendee_info_fields":false,"footnotes":"","_links_to":"","_links_to_target":""},"categories":[547,426,312,320,309],"tags":[],"class_list":["post-64168","post","type-post","status-publish","format-standard","has-post-thumbnail","hentry","category-ano-2021","category-cfa","category-destaque-pequeno-inferior","category-home","category-ultimas-noticias","entry","has-media"],"_links":{"self":[{"href":"https:\/\/crarn.org.br\/index.php?rest_route=\/wp\/v2\/posts\/64168","targetHints":{"allow":["GET"]}}],"collection":[{"href":"https:\/\/crarn.org.br\/index.php?rest_route=\/wp\/v2\/posts"}],"about":[{"href":"https:\/\/crarn.org.br\/index.php?rest_route=\/wp\/v2\/types\/post"}],"author":[{"embeddable":true,"href":"https:\/\/crarn.org.br\/index.php?rest_route=\/wp\/v2\/users\/26"}],"replies":[{"embeddable":true,"href":"https:\/\/crarn.org.br\/index.php?rest_route=%2Fwp%2Fv2%2Fcomments&post=64168"}],"version-history":[{"count":2,"href":"https:\/\/crarn.org.br\/index.php?rest_route=\/wp\/v2\/posts\/64168\/revisions"}],"predecessor-version":[{"id":64172,"href":"https:\/\/crarn.org.br\/index.php?rest_route=\/wp\/v2\/posts\/64168\/revisions\/64172"}],"wp:featuredmedia":[{"embeddable":true,"href":"https:\/\/crarn.org.br\/index.php?rest_route=\/wp\/v2\/media\/64169"}],"wp:attachment":[{"href":"https:\/\/crarn.org.br\/index.php?rest_route=%2Fwp%2Fv2%2Fmedia&parent=64168"}],"wp:term":[{"taxonomy":"category","embeddable":true,"href":"https:\/\/crarn.org.br\/index.php?rest_route=%2Fwp%2Fv2%2Fcategories&post=64168"},{"taxonomy":"post_tag","embeddable":true,"href":"https:\/\/crarn.org.br\/index.php?rest_route=%2Fwp%2Fv2%2Ftags&post=64168"}],"curies":[{"name":"wp","href":"https:\/\/api.w.org\/{rel}","templated":true}]}}