{"id":64155,"date":"2021-12-20T12:47:05","date_gmt":"2021-12-20T15:47:05","guid":{"rendered":"https:\/\/crarn.org.br\/?p=64155"},"modified":"2021-12-22T08:38:18","modified_gmt":"2021-12-22T11:38:18","slug":"aluna-do-ifrn-vence-o-premio-guerreiro-ramos-de-inovacao-2021","status":"publish","type":"post","link":"https:\/\/crarn.org.br\/?p=64155","title":{"rendered":"Aluna do IFRN vence o &#8220;Pr\u00eamio Guerreiro Ramos de Inova\u00e7\u00e3o&#8221; 2021"},"content":{"rendered":"\n<p>A estudante La\u00eds St\u00e9phanie Baz\u00edlio da Silva, concluinte do curso de Tecnologia em Gest\u00e3o P\u00fablica do IFRN, conquistou o 1\u00ba lugar do Pr\u00eamio Guerreiro Ramos de Inova\u00e7\u00e3o&#8221; Edi\u00e7\u00e3o 2021, promovido pelo Conselho Federal de Administra\u00e7\u00e3o-CFA.<\/p>\n<p>O &#8220;Pr\u00eamio Guerreiro Ramos&#8221; visa estimular o desenvolvimento e o compartilhamento de pr\u00e1ticas inovadoras de gest\u00e3o e de pesquisas cientificas na \u00e1rea da Administra\u00e7\u00e3o P\u00fablica, atrav\u00e9s do reconhecimento de trabalhos que sirvam de refer\u00eancia ou de inspira\u00e7\u00e3o para outras iniciativas capazes de transformar e melhorar continuamente a gest\u00e3o p\u00fablica brasileira.<\/p>\n<p>O artigo de La\u00eds, que teve como tema \u201cA cadeia de valor da inova\u00e7\u00e3o na gest\u00e3o em sa\u00fade: O caso LAIS\u201d, foi o vencedor na categoria \u201cPesquisa Cient\u00edfica\u201d e \u00e9 fruto do Trabalho de Conclus\u00e3o do Curso de Gest\u00e3o P\u00fablica, que teve como orientadora da pesquisa, a professora e ex-conselheira do CRA-RN, Marli Tacconi.<\/p>\n<p>Foi a professora Marli quem sugeriu que La\u00eds se inscrevesse no Pr\u00eamio Guerreiro Ramos, j\u00e1 que havia uma inten\u00e7\u00e3o inicial de publicar artigos em revistas cient\u00edficas. Ent\u00e3o, foi feita a adapta\u00e7\u00e3o do TCC para o concurso.<\/p>\n<p>O resultado final do concurso foi recebido com muita satisfa\u00e7\u00e3o pela estudante. \u201c\u00c9 muito importante ter o trabalho reconhecido e me sinto muito honrada e feliz. Esse pr\u00eamio \u00e9 um reconhecimento do meu esfor\u00e7o na vida profissional. Ao descobrir que sou a primeira do RN a receber esse pr\u00eamio me sinto muito feliz por tamanha responsabilidade de representar o RN a n\u00edvel nacional. Isso demonstra o quanto o nosso estado tem gente competente, esfor\u00e7ada e dedicada na busca por concretizar sonhos e projetos!\u201d comemorou La\u00eds.<\/p>\n<p>Como vencedora da categoria, a aluna receber\u00e1 um pr\u00eamio no valor de R$ 2.500,00, um trof\u00e9u e um selo de reconhecimento do CFA. A professora orientadora, Marli Tacconi receber\u00e1 uma Men\u00e7\u00e3o Honrosa.<\/p>\n<p><strong>A pesquisa<\/strong><\/p>\n<p>Uma curiosidade interessante sobre o tema da pesquisa \u00e9 que a aluna despertou para o trabalho do LAIS pelo fato do nome ser o mesmo dela, aliado ao desejo inicial de escrever um TCC sobre a \u00e1rea da sa\u00fade, das boas informa\u00e7\u00f5es que obteve sobre laborat\u00f3rio e a admira\u00e7\u00e3o que passou a nutrir pelo importante trabalho que vem sendo desenvolvido pela institui\u00e7\u00e3o. Por ser refer\u00eancia em ci\u00eancia, tecnologia e inova\u00e7\u00e3o no estado, com a plataforma &#8220;RN Mais Vacina\u201d, foi definido, juntamente com a professora orientadora, que o trabalho seria sobre a inova\u00e7\u00e3o na \u00e1rea da sa\u00fade.<\/p>\n<p>Na pesquisa, foram abordadas as tr\u00eas etapas da inova\u00e7\u00e3o: gera\u00e7\u00e3o, convers\u00e3o e difus\u00e3o de uma ideia, tendo como base os projetos do LAIS para exemplificar cada fase. O foco principal foi demonstrar o quanto o laborat\u00f3rio gera valor para a sa\u00fade p\u00fablica do RN. No desenvolvimento da pesquisa, foram entrevistados os pesquisadores do LAIS, Ricardo Valentim (Coordenador) e Kelson Medeiros.<\/p>\n<p>Segundo a professora Marli, a principal contribui\u00e7\u00e3o do trabalho foi mostrar a import\u00e2ncia de incorporar a inova\u00e7\u00e3o na estrutura das institui\u00e7\u00f5es p\u00fablicas, para a melhoria de seus processos e servi\u00e7os, pois h\u00e1 grandes problemas a serem solucionados, sendo a inova\u00e7\u00e3o uma importante ferramenta. \u201cA pesquisa demonstrou, ainda, que \u00e9 necess\u00e1rio investir na cria\u00e7\u00e3o de pol\u00edticas que fomentem as inova\u00e7\u00f5es, a ci\u00eancia, pesquisa, o incentivo e a tecnologia, pois s\u00e3o instrumentos capazes de proporcionar mudan\u00e7as necess\u00e1rias para a sociedade&#8221; complementou.<\/p>\n<p>No desenvolvimento da pesquisa, \u00a0estudante teve o apoio \u00a0do IFRN Natal Central e do LAIS\/UFRN.<\/p>\n<p><strong>Curr\u00edculo<\/strong><\/p>\n<p>La\u00eds tem 26 anos, estudou parte do ensino m\u00e9dio e fundamental no Centro Educacional PH3, em Parnamirim. Fez ENEM em 2013 e entrou no curso de Com\u00e9rcio Exterior, no IFRN, em 2014. Concluiu em 2018 e, logo em seguida, fez o reingresso para Tecnologia em Gest\u00e3o P\u00fablica.<\/p>\n<p>Foi bolsista de inicia\u00e7\u00e3o cient\u00edfica, tem publica\u00e7\u00e3o em co-autoria em artigo e cap\u00edtulo de livro e integra o Grupo de Pesquisa Estudos Organizacionais e Coopera\u00e7\u00e3o, do Campus Natal-Central do IFRN.<\/p>\n<p>\u00a0<\/p>\n<p>*Com informa\u00e7\u00f5es do IFRN<\/p>\n<p>\u00a0<\/p>\n<button class=\"simplefavorite-button\" data-postid=\"64155\" data-siteid=\"1\" data-groupid=\"1\" data-favoritecount=\"0\" style=\"\">Favorite <i class=\"sf-icon-star-empty\"><\/i><\/button>","protected":false},"excerpt":{"rendered":"<p>A estudante La\u00eds St\u00e9phanie Baz\u00edlio da Silva, concluinte do curso de Tecnologia em Gest\u00e3o P\u00fablica do IFRN, conquistou o 1\u00ba lugar do Pr\u00eamio Guerreiro Ramos de Inova\u00e7\u00e3o&#8221; Edi\u00e7\u00e3o 2021, promovido pelo Conselho Federal de Administra\u00e7\u00e3o-CFA. O &#8220;Pr\u00eamio Guerreiro Ramos&#8221; visa estimular o desenvolvimento e o compartilhamento de pr\u00e1ticas inovadoras de gest\u00e3o e de pesquisas cientificas<a class=\"read-more\" href=\"https:\/\/crarn.org.br\/?p=64155\"> [&hellip;]<\/a><\/p>\n","protected":false},"author":26,"featured_media":64156,"comment_status":"closed","ping_status":"open","sticky":true,"template":"","format":"standard","meta":{"_price":"","_stock":"","_tribe_ticket_header":"","_tribe_default_ticket_provider":"","_tribe_ticket_capacity":"0","_ticket_start_date":"","_ticket_end_date":"","_tribe_ticket_show_description":"","_tribe_ticket_show_not_going":false,"_tribe_ticket_use_global_stock":"","_tribe_ticket_global_stock_level":"","_global_stock_mode":"","_global_stock_cap":"","_tribe_rsvp_for_event":"","_tribe_ticket_going_count":"","_tribe_ticket_not_going_count":"","_tribe_tickets_list":"[]","_tribe_ticket_has_attendee_info_fields":false,"footnotes":"","_links_to":"","_links_to_target":""},"categories":[547,311,320,399,309],"tags":[],"class_list":["post-64155","post","type-post","status-publish","format-standard","has-post-thumbnail","hentry","category-ano-2021","category-destaque-pequeno-superior","category-home","category-institucional","category-ultimas-noticias","entry","has-media"],"_links":{"self":[{"href":"https:\/\/crarn.org.br\/index.php?rest_route=\/wp\/v2\/posts\/64155","targetHints":{"allow":["GET"]}}],"collection":[{"href":"https:\/\/crarn.org.br\/index.php?rest_route=\/wp\/v2\/posts"}],"about":[{"href":"https:\/\/crarn.org.br\/index.php?rest_route=\/wp\/v2\/types\/post"}],"author":[{"embeddable":true,"href":"https:\/\/crarn.org.br\/index.php?rest_route=\/wp\/v2\/users\/26"}],"replies":[{"embeddable":true,"href":"https:\/\/crarn.org.br\/index.php?rest_route=%2Fwp%2Fv2%2Fcomments&post=64155"}],"version-history":[{"count":2,"href":"https:\/\/crarn.org.br\/index.php?rest_route=\/wp\/v2\/posts\/64155\/revisions"}],"predecessor-version":[{"id":64158,"href":"https:\/\/crarn.org.br\/index.php?rest_route=\/wp\/v2\/posts\/64155\/revisions\/64158"}],"wp:featuredmedia":[{"embeddable":true,"href":"https:\/\/crarn.org.br\/index.php?rest_route=\/wp\/v2\/media\/64156"}],"wp:attachment":[{"href":"https:\/\/crarn.org.br\/index.php?rest_route=%2Fwp%2Fv2%2Fmedia&parent=64155"}],"wp:term":[{"taxonomy":"category","embeddable":true,"href":"https:\/\/crarn.org.br\/index.php?rest_route=%2Fwp%2Fv2%2Fcategories&post=64155"},{"taxonomy":"post_tag","embeddable":true,"href":"https:\/\/crarn.org.br\/index.php?rest_route=%2Fwp%2Fv2%2Ftags&post=64155"}],"curies":[{"name":"wp","href":"https:\/\/api.w.org\/{rel}","templated":true}]}}