{"id":64139,"date":"2021-12-10T16:15:52","date_gmt":"2021-12-10T19:15:52","guid":{"rendered":"https:\/\/crarn.org.br\/?p=64139"},"modified":"2021-12-10T17:17:23","modified_gmt":"2021-12-10T20:17:23","slug":"equipe-do-cra-rn-faz-avaliacao-de-2021","status":"publish","type":"post","link":"https:\/\/crarn.org.br\/?p=64139","title":{"rendered":"Equipe do CRA-RN faz avalia\u00e7\u00e3o de 2021"},"content":{"rendered":"\n<p>Nesta quinta-feira (09), diretoria, conselheiros e servidores do CRA-RN participaram de um momento de avalia\u00e7\u00e3o dos resultados alcan\u00e7ados em 2021 e de planejamento para o exerc\u00edcio de 2022.<\/p>\n<p>Aproveitando o momento, foi realizada a confraterniza\u00e7\u00e3o da equipe, quando tamb\u00e9m foram comemorados os bons resultados e os desafios vencidos.<\/p>\n<p>\u00a0<\/p>\n<div id='gallery-1' class='gallery galleryid-64139 gallery-columns-3 gallery-size-thumbnail'><figure class='gallery-item'>\n\t\t\t<div class='gallery-icon landscape'>\n\t\t\t\t<a href='https:\/\/crarn.org.br\/?attachment_id=64144'><img decoding=\"async\" width=\"150\" height=\"150\" src=\"https:\/\/crarn.org.br\/wp-content\/uploads\/2021\/12\/77-150x150.jpg\" class=\"attachment-thumbnail size-thumbnail\" alt=\"\" \/><\/a>\n\t\t\t<\/div><\/figure><figure class='gallery-item'>\n\t\t\t<div class='gallery-icon landscape'>\n\t\t\t\t<a href='https:\/\/crarn.org.br\/?attachment_id=64145'><img decoding=\"async\" width=\"150\" height=\"150\" src=\"https:\/\/crarn.org.br\/wp-content\/uploads\/2021\/12\/78-150x150.jpg\" class=\"attachment-thumbnail size-thumbnail\" alt=\"\" \/><\/a>\n\t\t\t<\/div><\/figure><figure class='gallery-item'>\n\t\t\t<div class='gallery-icon landscape'>\n\t\t\t\t<a href='https:\/\/crarn.org.br\/?attachment_id=64146'><img decoding=\"async\" width=\"150\" height=\"150\" src=\"https:\/\/crarn.org.br\/wp-content\/uploads\/2021\/12\/79-150x150.jpg\" class=\"attachment-thumbnail size-thumbnail\" alt=\"\" \/><\/a>\n\t\t\t<\/div><\/figure><figure class='gallery-item'>\n\t\t\t<div class='gallery-icon landscape'>\n\t\t\t\t<a href='https:\/\/crarn.org.br\/?attachment_id=64142'><img loading=\"lazy\" decoding=\"async\" width=\"150\" height=\"150\" src=\"https:\/\/crarn.org.br\/wp-content\/uploads\/2021\/12\/75-150x150.jpg\" class=\"attachment-thumbnail size-thumbnail\" alt=\"\" \/><\/a>\n\t\t\t<\/div><\/figure><figure class='gallery-item'>\n\t\t\t<div class='gallery-icon landscape'>\n\t\t\t\t<a href='https:\/\/crarn.org.br\/?attachment_id=64143'><img loading=\"lazy\" decoding=\"async\" width=\"150\" height=\"150\" src=\"https:\/\/crarn.org.br\/wp-content\/uploads\/2021\/12\/76-150x150.jpg\" class=\"attachment-thumbnail size-thumbnail\" alt=\"\" \/><\/a>\n\t\t\t<\/div><\/figure><figure class='gallery-item'>\n\t\t\t<div class='gallery-icon portrait'>\n\t\t\t\t<a href='https:\/\/crarn.org.br\/?attachment_id=64148'><img loading=\"lazy\" decoding=\"async\" width=\"150\" height=\"150\" src=\"https:\/\/crarn.org.br\/wp-content\/uploads\/2021\/12\/73-150x150.jpg\" class=\"attachment-thumbnail size-thumbnail\" alt=\"\" \/><\/a>\n\t\t\t<\/div><\/figure><figure class='gallery-item'>\n\t\t\t<div class='gallery-icon landscape'>\n\t\t\t\t<a href='https:\/\/crarn.org.br\/?attachment_id=64147'><img loading=\"lazy\" decoding=\"async\" width=\"150\" height=\"150\" src=\"https:\/\/crarn.org.br\/wp-content\/uploads\/2021\/12\/80-150x150.jpg\" class=\"attachment-thumbnail size-thumbnail\" alt=\"\" \/><\/a>\n\t\t\t<\/div><\/figure>\n\t\t<\/div>\n\n<button class=\"simplefavorite-button\" data-postid=\"64139\" data-siteid=\"1\" data-groupid=\"1\" data-favoritecount=\"0\" style=\"\">Favorite <i class=\"sf-icon-star-empty\"><\/i><\/button>","protected":false},"excerpt":{"rendered":"<p>Nesta quinta-feira (09), diretoria, conselheiros e servidores do CRA-RN participaram de um momento de avalia\u00e7\u00e3o dos resultados alcan\u00e7ados em 2021 e de planejamento para o exerc\u00edcio de 2022. Aproveitando o momento, foi realizada a confraterniza\u00e7\u00e3o da equipe, quando tamb\u00e9m foram comemorados os bons resultados e os desafios vencidos. \u00a0 Favorite<\/p>\n","protected":false},"author":26,"featured_media":64140,"comment_status":"closed","ping_status":"open","sticky":true,"template":"","format":"standard","meta":{"_price":"","_stock":"","_tribe_ticket_header":"","_tribe_default_ticket_provider":"","_tribe_ticket_capacity":"0","_ticket_start_date":"","_ticket_end_date":"","_tribe_ticket_show_description":"","_tribe_ticket_show_not_going":false,"_tribe_ticket_use_global_stock":"","_tribe_ticket_global_stock_level":"","_global_stock_mode":"","_global_stock_cap":"","_tribe_rsvp_for_event":"","_tribe_ticket_going_count":"","_tribe_ticket_not_going_count":"","_tribe_tickets_list":"[]","_tribe_ticket_has_attendee_info_fields":false,"footnotes":"","_links_to":"","_links_to_target":""},"categories":[547,312,320,399,309],"tags":[],"class_list":["post-64139","post","type-post","status-publish","format-standard","has-post-thumbnail","hentry","category-ano-2021","category-destaque-pequeno-inferior","category-home","category-institucional","category-ultimas-noticias","entry","has-media"],"_links":{"self":[{"href":"https:\/\/crarn.org.br\/index.php?rest_route=\/wp\/v2\/posts\/64139","targetHints":{"allow":["GET"]}}],"collection":[{"href":"https:\/\/crarn.org.br\/index.php?rest_route=\/wp\/v2\/posts"}],"about":[{"href":"https:\/\/crarn.org.br\/index.php?rest_route=\/wp\/v2\/types\/post"}],"author":[{"embeddable":true,"href":"https:\/\/crarn.org.br\/index.php?rest_route=\/wp\/v2\/users\/26"}],"replies":[{"embeddable":true,"href":"https:\/\/crarn.org.br\/index.php?rest_route=%2Fwp%2Fv2%2Fcomments&post=64139"}],"version-history":[{"count":2,"href":"https:\/\/crarn.org.br\/index.php?rest_route=\/wp\/v2\/posts\/64139\/revisions"}],"predecessor-version":[{"id":64150,"href":"https:\/\/crarn.org.br\/index.php?rest_route=\/wp\/v2\/posts\/64139\/revisions\/64150"}],"wp:featuredmedia":[{"embeddable":true,"href":"https:\/\/crarn.org.br\/index.php?rest_route=\/wp\/v2\/media\/64140"}],"wp:attachment":[{"href":"https:\/\/crarn.org.br\/index.php?rest_route=%2Fwp%2Fv2%2Fmedia&parent=64139"}],"wp:term":[{"taxonomy":"category","embeddable":true,"href":"https:\/\/crarn.org.br\/index.php?rest_route=%2Fwp%2Fv2%2Fcategories&post=64139"},{"taxonomy":"post_tag","embeddable":true,"href":"https:\/\/crarn.org.br\/index.php?rest_route=%2Fwp%2Fv2%2Ftags&post=64139"}],"curies":[{"name":"wp","href":"https:\/\/api.w.org\/{rel}","templated":true}]}}