{"id":64115,"date":"2021-12-02T09:17:57","date_gmt":"2021-12-02T12:17:57","guid":{"rendered":"https:\/\/crarn.org.br\/?p=64115"},"modified":"2021-12-02T09:18:00","modified_gmt":"2021-12-02T12:18:00","slug":"curso-de-responsabilidade-tecnica-ultrapassa-fronteiras-do-estado","status":"publish","type":"post","link":"https:\/\/crarn.org.br\/?p=64115","title":{"rendered":"Curso de Responsabilidade T\u00e9cnica ultrapassa fronteiras do estado"},"content":{"rendered":"\n<p>O curso de forma\u00e7\u00e3o em Responsabilidade T\u00e9cnica, promovido pelo CRA-RN de 23 a 25 de novembro, teve um alcance bem maior do que as edi\u00e7\u00f5es anteriores.<\/p>\n<p>Por ter sido realizado de forma remota, o treinamento contou com a participa\u00e7\u00e3o de cerca de 30 pessoas, atingindo profissionais registrados, egressos e estudantes de Natal, de v\u00e1rios munic\u00edpios do RN e at\u00e9 mesmo, dos estados do Par\u00e1 e de S\u00e3o Paulo.<\/p>\n<p>Durante a qualifica\u00e7\u00e3o, os participantes tiveram acesso a informa\u00e7\u00f5es t\u00e9cnicas e legais sobre a pr\u00e1tica da atividade junto \u00e0s empresas, de forma a adquirirem o conhecimento necess\u00e1rio para exercer a fun\u00e7\u00e3o, como tamb\u00e9m, abrir as portas para uma nova coloca\u00e7\u00e3o no mercado de trabalho.<\/p>\n<p>O presidente do CRA-RN, Fl\u00e1vio Em\u00edlio, fez a abertura do curso, ministrado pela coordenadora de Fiscaliza\u00e7\u00e3o, Tatiana Costa Pinto. Em sua fala, Fl\u00e1vio ressaltou a grande oportunidade que a capacita\u00e7\u00e3o oferece para os profissionais e a import\u00e2ncia de as empresas terem em seus quadros, pessoas qualificadas frente \u00e0 Responsabilidade T\u00e9cnica e, desta forma exercerem legalmente a atividade.<\/p>\n<p>Os certificados do curso ser\u00e3o enviados por e-mail a partir da pr\u00f3xima sexta-feira (03).<\/p>\n<button class=\"simplefavorite-button\" data-postid=\"64115\" data-siteid=\"1\" data-groupid=\"1\" data-favoritecount=\"0\" style=\"\">Favorite <i class=\"sf-icon-star-empty\"><\/i><\/button>","protected":false},"excerpt":{"rendered":"<p>O curso de forma\u00e7\u00e3o em Responsabilidade T\u00e9cnica, promovido pelo CRA-RN de 23 a 25 de novembro, teve um alcance bem maior do que as edi\u00e7\u00f5es anteriores. Por ter sido realizado de forma remota, o treinamento contou com a participa\u00e7\u00e3o de cerca de 30 pessoas, atingindo profissionais registrados, egressos e estudantes de Natal, de v\u00e1rios munic\u00edpios<a class=\"read-more\" href=\"https:\/\/crarn.org.br\/?p=64115\"> [&hellip;]<\/a><\/p>\n","protected":false},"author":26,"featured_media":64116,"comment_status":"closed","ping_status":"open","sticky":true,"template":"","format":"standard","meta":{"_price":"","_stock":"","_tribe_ticket_header":"","_tribe_default_ticket_provider":"","_tribe_ticket_capacity":"0","_ticket_start_date":"","_ticket_end_date":"","_tribe_ticket_show_description":"","_tribe_ticket_show_not_going":false,"_tribe_ticket_use_global_stock":"","_tribe_ticket_global_stock_level":"","_global_stock_mode":"","_global_stock_cap":"","_tribe_rsvp_for_event":"","_tribe_ticket_going_count":"","_tribe_ticket_not_going_count":"","_tribe_tickets_list":"[]","_tribe_ticket_has_attendee_info_fields":false,"footnotes":"","_links_to":"","_links_to_target":""},"categories":[547,310,399,309],"tags":[],"class_list":["post-64115","post","type-post","status-publish","format-standard","has-post-thumbnail","hentry","category-ano-2021","category-destaque-grande","category-institucional","category-ultimas-noticias","entry","has-media"],"_links":{"self":[{"href":"https:\/\/crarn.org.br\/index.php?rest_route=\/wp\/v2\/posts\/64115","targetHints":{"allow":["GET"]}}],"collection":[{"href":"https:\/\/crarn.org.br\/index.php?rest_route=\/wp\/v2\/posts"}],"about":[{"href":"https:\/\/crarn.org.br\/index.php?rest_route=\/wp\/v2\/types\/post"}],"author":[{"embeddable":true,"href":"https:\/\/crarn.org.br\/index.php?rest_route=\/wp\/v2\/users\/26"}],"replies":[{"embeddable":true,"href":"https:\/\/crarn.org.br\/index.php?rest_route=%2Fwp%2Fv2%2Fcomments&post=64115"}],"version-history":[{"count":1,"href":"https:\/\/crarn.org.br\/index.php?rest_route=\/wp\/v2\/posts\/64115\/revisions"}],"predecessor-version":[{"id":64117,"href":"https:\/\/crarn.org.br\/index.php?rest_route=\/wp\/v2\/posts\/64115\/revisions\/64117"}],"wp:featuredmedia":[{"embeddable":true,"href":"https:\/\/crarn.org.br\/index.php?rest_route=\/wp\/v2\/media\/64116"}],"wp:attachment":[{"href":"https:\/\/crarn.org.br\/index.php?rest_route=%2Fwp%2Fv2%2Fmedia&parent=64115"}],"wp:term":[{"taxonomy":"category","embeddable":true,"href":"https:\/\/crarn.org.br\/index.php?rest_route=%2Fwp%2Fv2%2Fcategories&post=64115"},{"taxonomy":"post_tag","embeddable":true,"href":"https:\/\/crarn.org.br\/index.php?rest_route=%2Fwp%2Fv2%2Ftags&post=64115"}],"curies":[{"name":"wp","href":"https:\/\/api.w.org\/{rel}","templated":true}]}}