{"id":64112,"date":"2021-12-01T12:59:12","date_gmt":"2021-12-01T15:59:12","guid":{"rendered":"https:\/\/crarn.org.br\/?p=64112"},"modified":"2021-12-01T12:59:15","modified_gmt":"2021-12-01T15:59:15","slug":"academia-corporativa-da-administracao-ganha-novos-cursos","status":"publish","type":"post","link":"https:\/\/crarn.org.br\/?p=64112","title":{"rendered":"Academia Corporativa da Administra\u00e7\u00e3o ganha novos cursos"},"content":{"rendered":"\n<p>Boa not\u00edcia para os profissionais e estudantes de Administra\u00e7\u00e3o inscritos nos Conselhos Regionais de Administra\u00e7\u00e3o (CRAs): a Academia Corporativa da Administra\u00e7\u00e3o (ACAdm) acaba de ganhar novos cursos. S\u00e3o mais de 200 forma\u00e7\u00f5es em diversas \u00e1reas da ci\u00eancia da Administra\u00e7\u00e3o elaboradas pela Escola Nacional de Administra\u00e7\u00e3o P\u00fablica (Enap).<\/p>\n<p>De acordo com o presidente do CFA, Mauro Kreuz, a parceria da autarquia com a Enap existe desde 2019. Contudo, com o surgimento da pandemia, ela ficou parada e, agora em 2021, ambas entidades retomaram os trabalhos em conjunto. \u201cTer 200 cursos da Enap inseridos na ACAdm dar\u00e3o mais musculatura \u00e0 nossa academia e, certamente, ajudar\u00e1 a disseminar mais ainda o conhecimento que a ACAdm se prop\u00f4s a fazer para a nossa comunidade de profissionais\u201d, disse.<\/p>\n<p>Mauro est\u00e1 satisfeito e honrado com a robustez do projeto. \u201cFico feliz em ver a ACAdm, ideia que acalentei desde que assumi a presid\u00eancia do CFA, com esta concretude t\u00e3o importante para o Brasil, em especial para os profissionais da Administra\u00e7\u00e3o\u201d, afirmou o presidente.<\/p>\n<p>Os cursos s\u00e3o gratuitos e com certificados. Os interessados ter\u00e3o acesso a forma\u00e7\u00f5es em v\u00e1rias \u00e1reas como Direito e Legisla\u00e7\u00e3o, Educa\u00e7\u00e3o e Doc\u00eancia, Comunica\u00e7\u00e3o, Economia, Estrat\u00e9gia e Planejamento, Gest\u00e3o de Pessoas, Gest\u00e3o P\u00fablica, Inova\u00e7\u00e3o, Governo e Transforma\u00e7\u00e3o Digital, entre outros.<\/p>\n<p>Al\u00e9m dos mais de 200 cursos oferecidos em parceria com a Enap, a ACAdm tamb\u00e9m disponibiliza outros cursos como Planejamento e Controle da Produ\u00e7\u00e3o e Log\u00edstica; Ger\u00eancia e Planejamento de Marketing e Recrutamento e Sele\u00e7\u00e3o<\/p>\n<p>Para ter acesso ao material, \u00e9 necess\u00e1rio fazer um cadastro em acadm.cfa.org.br. Com o registro em CRA validado e em dia com a anuidade, o acesso \u00e9 liberado, em seguida, \u00e9 s\u00f3 aproveitar os cursos da plataforma.<\/p>\n<p>\u00a0<\/p>\n<p>Ana Graciele Gon\u00e7alves<\/p>\n<p>Assessoria de Comunica\u00e7\u00e3o CFA<\/p>\n<button class=\"simplefavorite-button\" data-postid=\"64112\" data-siteid=\"1\" data-groupid=\"1\" data-favoritecount=\"0\" style=\"\">Favorite <i class=\"sf-icon-star-empty\"><\/i><\/button>","protected":false},"excerpt":{"rendered":"<p>Boa not\u00edcia para os profissionais e estudantes de Administra\u00e7\u00e3o inscritos nos Conselhos Regionais de Administra\u00e7\u00e3o (CRAs): a Academia Corporativa da Administra\u00e7\u00e3o (ACAdm) acaba de ganhar novos cursos. S\u00e3o mais de 200 forma\u00e7\u00f5es em diversas \u00e1reas da ci\u00eancia da Administra\u00e7\u00e3o elaboradas pela Escola Nacional de Administra\u00e7\u00e3o P\u00fablica (Enap). De acordo com o presidente do CFA, Mauro<a class=\"read-more\" href=\"https:\/\/crarn.org.br\/?p=64112\"> [&hellip;]<\/a><\/p>\n","protected":false},"author":26,"featured_media":64113,"comment_status":"closed","ping_status":"open","sticky":true,"template":"","format":"standard","meta":{"_price":"","_stock":"","_tribe_ticket_header":"","_tribe_default_ticket_provider":"","_tribe_ticket_capacity":"0","_ticket_start_date":"","_ticket_end_date":"","_tribe_ticket_show_description":"","_tribe_ticket_show_not_going":false,"_tribe_ticket_use_global_stock":"","_tribe_ticket_global_stock_level":"","_global_stock_mode":"","_global_stock_cap":"","_tribe_rsvp_for_event":"","_tribe_ticket_going_count":"","_tribe_ticket_not_going_count":"","_tribe_tickets_list":"[]","_tribe_ticket_has_attendee_info_fields":false,"footnotes":"","_links_to":"","_links_to_target":""},"categories":[547,426,310,320,399,309],"tags":[],"class_list":["post-64112","post","type-post","status-publish","format-standard","has-post-thumbnail","hentry","category-ano-2021","category-cfa","category-destaque-grande","category-home","category-institucional","category-ultimas-noticias","entry","has-media"],"_links":{"self":[{"href":"https:\/\/crarn.org.br\/index.php?rest_route=\/wp\/v2\/posts\/64112","targetHints":{"allow":["GET"]}}],"collection":[{"href":"https:\/\/crarn.org.br\/index.php?rest_route=\/wp\/v2\/posts"}],"about":[{"href":"https:\/\/crarn.org.br\/index.php?rest_route=\/wp\/v2\/types\/post"}],"author":[{"embeddable":true,"href":"https:\/\/crarn.org.br\/index.php?rest_route=\/wp\/v2\/users\/26"}],"replies":[{"embeddable":true,"href":"https:\/\/crarn.org.br\/index.php?rest_route=%2Fwp%2Fv2%2Fcomments&post=64112"}],"version-history":[{"count":1,"href":"https:\/\/crarn.org.br\/index.php?rest_route=\/wp\/v2\/posts\/64112\/revisions"}],"predecessor-version":[{"id":64114,"href":"https:\/\/crarn.org.br\/index.php?rest_route=\/wp\/v2\/posts\/64112\/revisions\/64114"}],"wp:featuredmedia":[{"embeddable":true,"href":"https:\/\/crarn.org.br\/index.php?rest_route=\/wp\/v2\/media\/64113"}],"wp:attachment":[{"href":"https:\/\/crarn.org.br\/index.php?rest_route=%2Fwp%2Fv2%2Fmedia&parent=64112"}],"wp:term":[{"taxonomy":"category","embeddable":true,"href":"https:\/\/crarn.org.br\/index.php?rest_route=%2Fwp%2Fv2%2Fcategories&post=64112"},{"taxonomy":"post_tag","embeddable":true,"href":"https:\/\/crarn.org.br\/index.php?rest_route=%2Fwp%2Fv2%2Ftags&post=64112"}],"curies":[{"name":"wp","href":"https:\/\/api.w.org\/{rel}","templated":true}]}}