{"id":64108,"date":"2021-11-12T15:20:32","date_gmt":"2021-11-12T18:20:32","guid":{"rendered":"https:\/\/crarn.org.br\/?p=64108"},"modified":"2021-11-12T15:20:35","modified_gmt":"2021-11-12T18:20:35","slug":"representante-do-cra-rn-participa-de-visita-da-jucern-ao-governador","status":"publish","type":"post","link":"https:\/\/crarn.org.br\/?p=64108","title":{"rendered":"Representante do CRA-RN participa de visita da Jucern ao governador"},"content":{"rendered":"\n<p>Nesta quinta-feira (11), a diretoria da Junta Comercial do RN (Juncern) e representa\u00e7\u00f5es do colegiado de vogais da autarquia, visitaram o governador em exerc\u00edcio, Antenor Roberto.<\/p>\n<p>A visita teve objetivo de apresentar as metas da institui\u00e7\u00e3o para 2022 e outros pleitos que visam melhorar o ambiente de neg\u00f3cios no estado, com foco na diminui\u00e7\u00e3o da burocracia.<\/p>\n<p>A representante do CRA-RN, junto ao colegiado de vogais, Alice Dantas, participou do encontro, juntamente com o presidente da Jucern, Carlos Augusto, o vice-presidente Daltro Paiva, o secret\u00e1rio geral Denys Barreto e o vogal, Itamar Manso (Associa\u00e7\u00e3o Comercial do RN).<\/p>\n<button class=\"simplefavorite-button\" data-postid=\"64108\" data-siteid=\"1\" data-groupid=\"1\" data-favoritecount=\"0\" style=\"\">Favorite <i class=\"sf-icon-star-empty\"><\/i><\/button>","protected":false},"excerpt":{"rendered":"<p>Nesta quinta-feira (11), a diretoria da Junta Comercial do RN (Juncern) e representa\u00e7\u00f5es do colegiado de vogais da autarquia, visitaram o governador em exerc\u00edcio, Antenor Roberto. A visita teve objetivo de apresentar as metas da institui\u00e7\u00e3o para 2022 e outros pleitos que visam melhorar o ambiente de neg\u00f3cios no estado, com foco na diminui\u00e7\u00e3o da<a class=\"read-more\" href=\"https:\/\/crarn.org.br\/?p=64108\"> [&hellip;]<\/a><\/p>\n","protected":false},"author":26,"featured_media":64109,"comment_status":"closed","ping_status":"open","sticky":true,"template":"","format":"standard","meta":{"_price":"","_stock":"","_tribe_ticket_header":"","_tribe_default_ticket_provider":"","_tribe_ticket_capacity":"0","_ticket_start_date":"","_ticket_end_date":"","_tribe_ticket_show_description":"","_tribe_ticket_show_not_going":false,"_tribe_ticket_use_global_stock":"","_tribe_ticket_global_stock_level":"","_global_stock_mode":"","_global_stock_cap":"","_tribe_rsvp_for_event":"","_tribe_ticket_going_count":"","_tribe_ticket_not_going_count":"","_tribe_tickets_list":"[]","_tribe_ticket_has_attendee_info_fields":false,"footnotes":"","_links_to":"","_links_to_target":""},"categories":[547,311,320,399,309],"tags":[],"class_list":["post-64108","post","type-post","status-publish","format-standard","has-post-thumbnail","hentry","category-ano-2021","category-destaque-pequeno-superior","category-home","category-institucional","category-ultimas-noticias","entry","has-media"],"_links":{"self":[{"href":"https:\/\/crarn.org.br\/index.php?rest_route=\/wp\/v2\/posts\/64108","targetHints":{"allow":["GET"]}}],"collection":[{"href":"https:\/\/crarn.org.br\/index.php?rest_route=\/wp\/v2\/posts"}],"about":[{"href":"https:\/\/crarn.org.br\/index.php?rest_route=\/wp\/v2\/types\/post"}],"author":[{"embeddable":true,"href":"https:\/\/crarn.org.br\/index.php?rest_route=\/wp\/v2\/users\/26"}],"replies":[{"embeddable":true,"href":"https:\/\/crarn.org.br\/index.php?rest_route=%2Fwp%2Fv2%2Fcomments&post=64108"}],"version-history":[{"count":1,"href":"https:\/\/crarn.org.br\/index.php?rest_route=\/wp\/v2\/posts\/64108\/revisions"}],"predecessor-version":[{"id":64110,"href":"https:\/\/crarn.org.br\/index.php?rest_route=\/wp\/v2\/posts\/64108\/revisions\/64110"}],"wp:featuredmedia":[{"embeddable":true,"href":"https:\/\/crarn.org.br\/index.php?rest_route=\/wp\/v2\/media\/64109"}],"wp:attachment":[{"href":"https:\/\/crarn.org.br\/index.php?rest_route=%2Fwp%2Fv2%2Fmedia&parent=64108"}],"wp:term":[{"taxonomy":"category","embeddable":true,"href":"https:\/\/crarn.org.br\/index.php?rest_route=%2Fwp%2Fv2%2Fcategories&post=64108"},{"taxonomy":"post_tag","embeddable":true,"href":"https:\/\/crarn.org.br\/index.php?rest_route=%2Fwp%2Fv2%2Ftags&post=64108"}],"curies":[{"name":"wp","href":"https:\/\/api.w.org\/{rel}","templated":true}]}}