{"id":64104,"date":"2021-11-11T17:01:39","date_gmt":"2021-11-11T20:01:39","guid":{"rendered":"https:\/\/crarn.org.br\/?p=64104"},"modified":"2021-11-11T17:01:41","modified_gmt":"2021-11-11T20:01:41","slug":"cra-rn-intensifica-visitas-de-fiscalizacao-nos-municipios","status":"publish","type":"post","link":"https:\/\/crarn.org.br\/?p=64104","title":{"rendered":"CRA-RN intensifica visitas de fiscaliza\u00e7\u00e3o nos munic\u00edpios"},"content":{"rendered":"\n<p>Com a flexibiliza\u00e7\u00e3o das medidas de conten\u00e7\u00e3o ao coronav\u00edrus, a equipe de fiscaliza\u00e7\u00e3o do CRA-RN retomou as visitas \u00e0s Comiss\u00f5es Permanentes de Licita\u00e7\u00e3o \u2013 CPLs, de v\u00e1rios munic\u00edpios do estado.<\/p>\n<p>As visitas t\u00eam a finalidade de orientar e fiscalizar as \u00e1reas respons\u00e1veis pela elabora\u00e7\u00e3o de Editais de Licita\u00e7\u00e3o, visando o cumprimento da legisla\u00e7\u00e3o, em especial no que se refere \u00e0 Qualifica\u00e7\u00e3o T\u00e9cnica. Durante as a\u00e7\u00f5es, s\u00e3o entregues documentos de orienta\u00e7\u00e3o aos pregoeiros dos munic\u00edpios, quando s\u00e3o informados sobre os principais servi\u00e7os contratados por licita\u00e7\u00e3o p\u00fablica, que s\u00e3o considerados \u00e1reas privativas da Administra\u00e7\u00e3o, previstas na Lei 4.769\/65 e, tamb\u00e9m s\u00e3o debatidas e esclarecidas as d\u00favidas sobre o assunto.<\/p>\n<p>No m\u00eas de outubro\/21, o Administrador Fiscal do CRA-RN, F\u00e1bio Maia, visitou as CPLs dos munic\u00edpios de Monte Alegre, Serrinha, Lagoa de Pedras e Vera Cruz, onde repassou as orienta\u00e7\u00f5es.<\/p>\n<p>O fiscal visitou ainda, Santo Ant\u00f4nio, onde entregou ao pregoeiro o of\u00edcio de impugna\u00e7\u00e3o do Edital de Licita\u00e7\u00e3o Tomada de Pre\u00e7os n\u00b0 012\/2021-PMSA, que tinha como objeto a contrata\u00e7\u00e3o de empresa especializada na presta\u00e7\u00e3o de servi\u00e7os de assessoria e consultoria em licita\u00e7\u00f5es e contratos administrativos. Na mesma cidade, fiscalizou uma empresa, por estar atuando em \u00e1rea privativa da Administra\u00e7\u00e3o, sem o devido registro no Conselho.<\/p>\n<p>As visitas de orienta\u00e7\u00e3o e fiscaliza\u00e7\u00e3o junto \u00e0s CPLs ter\u00e3o continuidade nos pr\u00f3ximos meses.<\/p>\n<p>\u00a0<\/p>\n<p>\u00a0<\/p>\n<p>\u00a0<\/p>\n<p>\u00a0<\/p>\n<p>\u00a0<\/p>\n<button class=\"simplefavorite-button\" data-postid=\"64104\" data-siteid=\"1\" data-groupid=\"1\" data-favoritecount=\"0\" style=\"\">Favorite <i class=\"sf-icon-star-empty\"><\/i><\/button>","protected":false},"excerpt":{"rendered":"<p>Com a flexibiliza\u00e7\u00e3o das medidas de conten\u00e7\u00e3o ao coronav\u00edrus, a equipe de fiscaliza\u00e7\u00e3o do CRA-RN retomou as visitas \u00e0s Comiss\u00f5es Permanentes de Licita\u00e7\u00e3o \u2013 CPLs, de v\u00e1rios munic\u00edpios do estado. As visitas t\u00eam a finalidade de orientar e fiscalizar as \u00e1reas respons\u00e1veis pela elabora\u00e7\u00e3o de Editais de Licita\u00e7\u00e3o, visando o cumprimento da legisla\u00e7\u00e3o, em especial<a class=\"read-more\" href=\"https:\/\/crarn.org.br\/?p=64104\"> [&hellip;]<\/a><\/p>\n","protected":false},"author":26,"featured_media":64105,"comment_status":"closed","ping_status":"open","sticky":true,"template":"","format":"standard","meta":{"_price":"","_stock":"","_tribe_ticket_header":"","_tribe_default_ticket_provider":"","_tribe_ticket_capacity":"0","_ticket_start_date":"","_ticket_end_date":"","_tribe_ticket_show_description":"","_tribe_ticket_show_not_going":false,"_tribe_ticket_use_global_stock":"","_tribe_ticket_global_stock_level":"","_global_stock_mode":"","_global_stock_cap":"","_tribe_rsvp_for_event":"","_tribe_ticket_going_count":"","_tribe_ticket_not_going_count":"","_tribe_tickets_list":"[]","_tribe_ticket_has_attendee_info_fields":false,"footnotes":"","_links_to":"","_links_to_target":""},"categories":[547,310,320,399,309],"tags":[],"class_list":["post-64104","post","type-post","status-publish","format-standard","has-post-thumbnail","hentry","category-ano-2021","category-destaque-grande","category-home","category-institucional","category-ultimas-noticias","entry","has-media"],"_links":{"self":[{"href":"https:\/\/crarn.org.br\/index.php?rest_route=\/wp\/v2\/posts\/64104","targetHints":{"allow":["GET"]}}],"collection":[{"href":"https:\/\/crarn.org.br\/index.php?rest_route=\/wp\/v2\/posts"}],"about":[{"href":"https:\/\/crarn.org.br\/index.php?rest_route=\/wp\/v2\/types\/post"}],"author":[{"embeddable":true,"href":"https:\/\/crarn.org.br\/index.php?rest_route=\/wp\/v2\/users\/26"}],"replies":[{"embeddable":true,"href":"https:\/\/crarn.org.br\/index.php?rest_route=%2Fwp%2Fv2%2Fcomments&post=64104"}],"version-history":[{"count":1,"href":"https:\/\/crarn.org.br\/index.php?rest_route=\/wp\/v2\/posts\/64104\/revisions"}],"predecessor-version":[{"id":64106,"href":"https:\/\/crarn.org.br\/index.php?rest_route=\/wp\/v2\/posts\/64104\/revisions\/64106"}],"wp:featuredmedia":[{"embeddable":true,"href":"https:\/\/crarn.org.br\/index.php?rest_route=\/wp\/v2\/media\/64105"}],"wp:attachment":[{"href":"https:\/\/crarn.org.br\/index.php?rest_route=%2Fwp%2Fv2%2Fmedia&parent=64104"}],"wp:term":[{"taxonomy":"category","embeddable":true,"href":"https:\/\/crarn.org.br\/index.php?rest_route=%2Fwp%2Fv2%2Fcategories&post=64104"},{"taxonomy":"post_tag","embeddable":true,"href":"https:\/\/crarn.org.br\/index.php?rest_route=%2Fwp%2Fv2%2Ftags&post=64104"}],"curies":[{"name":"wp","href":"https:\/\/api.w.org\/{rel}","templated":true}]}}