{"id":64101,"date":"2021-11-09T15:12:33","date_gmt":"2021-11-09T18:12:33","guid":{"rendered":"https:\/\/crarn.org.br\/?p=64101"},"modified":"2021-11-09T15:12:36","modified_gmt":"2021-11-09T18:12:36","slug":"metaverso-e-o-futuro-da-administracao","status":"publish","type":"post","link":"https:\/\/crarn.org.br\/?p=64101","title":{"rendered":"Metaverso e o futuro da Administra\u00e7\u00e3o"},"content":{"rendered":"\n<p>Ningu\u00e9m tem d\u00favidas de que o mundo vive constantes transforma\u00e7\u00f5es, principalmente no meio tecnol\u00f3gico. Um dia desses, convers\u00e1vamos \u2013 nos canais do CFA ou nos eventos promovidos pelo Sistema CFA\/CRAs \u2013 sobre a quarta revolu\u00e7\u00e3o industrial e de como a intelig\u00eancia artificial, big data, internet das coisas e nuvem, por exemplo, estavam mudando a produ\u00e7\u00e3o, a educa\u00e7\u00e3o e a forma de fazer neg\u00f3cios. Piscamos os olhos e j\u00e1 estamos em plena revolu\u00e7\u00e3o 5.0: colocar todas essas tecnologias a servi\u00e7o das necessidades humanas.<\/p>\n<p>Tudo isso ganhar\u00e1 ainda mais for\u00e7a ap\u00f3s o recente leil\u00e3o do 5G realizado pela Ag\u00eancia Nacional de Telecomunica\u00e7\u00f5es (Anatel). Vamos aprofundar a discuss\u00e3o sobre esse assunto no pr\u00f3ximo artigo, mas j\u00e1 adianto que a licita\u00e7\u00e3o dos lotes da faixa de frequ\u00eancia 26 gigahertz (GHz) tornar\u00e1 a nova gera\u00e7\u00e3o de internet m\u00f3vel ainda mais veloz, favorecendo o uso das tecnologias na vida pessoal e profissional.<\/p>\n<p>Pensa que acabou por a\u00ed? Recentemente o criador do Facebook, Mark Zuckerberg, anunciou que ir\u00e1 investir US$ 50 milh\u00f5es no metaverso. E n\u00e3o apenas isso: ele mudou o pr\u00f3prio nome da rede social que fundou para META, o que demonstra ainda mais o interesse dele por esse modelo de neg\u00f3cio e na aposta para o futuro. A Microsoft tamb\u00e9m avisou que entrar\u00e1 nesse ambiente. Voc\u00ea sabe o que isso significa? Significa que, em breve, vamos viver um outro n\u00edvel de realidade virtual.<\/p>\n<p>\u00c9 estranho, a princ\u00edpio. Parece at\u00e9 cena de filme de fic\u00e7\u00e3o cient\u00edfica, mas n\u00e3o \u00e9. No metaverso, a realidade ser\u00e1 replicada por meio de dispositivos digitais. Como ser\u00e1 isso na pr\u00e1tica? Imagina voc\u00ea, no conforto da sua casa, assistir a um show musical. N\u00e3o estamos falando das lives art\u00edsticas que viralizaram na pandemia. Por meio da realidade virtual aumentada, ser\u00e1 poss\u00edvel \u201cestar\u201d no evento e viver experi\u00eancias \u00fanicas.<\/p>\n<p>Seremos \u201cteletransportados\u201d para ambientes virtuais muito mais r\u00e1pido do que imaginamos, ainda mais com a crise sanit\u00e1ria mundial da Covid-19, que acelerou o processo e nos introduziu a tecnologias que ainda n\u00e3o faziam parte do nosso cotidiano. Mas, como isso se dar\u00e1 no mundo do trabalho? Bom, certamente esse j\u00e1 \u00e9 o futuro e, sem d\u00favidas, vai impactar significativamente nas profiss\u00f5es e na forma como nos relacionamos e fazemos neg\u00f3cios.<\/p>\n<p>Nas redes sociais, Zuckerberg falou que \u201cno futuro, trabalhar juntos ser\u00e1 uma das principais maneiras de as pessoas usarem o metaverso\u201d. Sabe a reuni\u00e3o on-line com a equipe naquelas plataformas digitais? Agora ela poder\u00e1 ficar ainda mais real. N\u00e3o basta mais olhar passivamente para os colegas pelas lentes da c\u00e2mera de um smartphone ou computador: o metaverso possibilitar\u00e1 a nossa intera\u00e7\u00e3o de forma muito mais imersiva.<\/p>\n<p>Tudo isso parece maravilhoso \u2013 e de fato a tecnologia, se usada com bom senso, \u00e9 extremamente ben\u00e9fica \u2013\u00a0 mas \u00e9 preciso refletir sobre como isso impactar\u00e1 as nossas rela\u00e7\u00f5es pessoais e profissionais. N\u00e3o restam d\u00favidas de que o futuro, que viria a galope, est\u00e1 vindo de avi\u00e3o. Ele est\u00e1 logo ali e precisamos estar prontos para quando tudo isso chegar. Se perdeu o artigo anterior onde fazemos uma an\u00e1lise cr\u00edtica sobre o impacto do excesso de tecnologia, clique aqui e confira.<\/p>\n<p>Domenico Di Masi, em tom prof\u00e9tico, j\u00e1 nos alertava sobre esse futuro disruptivo. O soci\u00f3logo italiano falou que o mundo do trabalho ter\u00e1 tr\u00eas tipos de profissionais: os criativos, que ser\u00e3o os mais demandados; os executivos, que v\u00e3o competir com a intelig\u00eancia artificial; e os nadas, que estar\u00e3o fora do mercado de produ\u00e7\u00e3o e consumo.<\/p>\n<p>Portanto, n\u00f3s, administradores, l\u00edderes, gestores e empreendedores, precisamos compreender melhor o metaverso a fim de nos anteciparmos aos poss\u00edveis cen\u00e1rios que ser\u00e3o desenhados daqui para frente. Estamos em um mundo disruptivo e \u00e9 urgente estarmos prontos para sobrevivermos a essas r\u00e1pidas transforma\u00e7\u00f5es.<\/p>\n<p>Se quisermos estar no primeiro grupo citado por Di Masi, vamos ter que inovar abruptamente e disruptivamente, tal como \u00e9 o atual mundo do trabalho.<\/p>\n<p>\u00a0<\/p>\n<p>Adm. Mauro Kreuz<\/p>\n<p>Presidente do Conselho Federal de Administra\u00e7\u00e3o<\/p>\n<button class=\"simplefavorite-button\" data-postid=\"64101\" data-siteid=\"1\" data-groupid=\"1\" data-favoritecount=\"0\" style=\"\">Favorite <i class=\"sf-icon-star-empty\"><\/i><\/button>","protected":false},"excerpt":{"rendered":"<p>Ningu\u00e9m tem d\u00favidas de que o mundo vive constantes transforma\u00e7\u00f5es, principalmente no meio tecnol\u00f3gico. Um dia desses, convers\u00e1vamos \u2013 nos canais do CFA ou nos eventos promovidos pelo Sistema CFA\/CRAs \u2013 sobre a quarta revolu\u00e7\u00e3o industrial e de como a intelig\u00eancia artificial, big data, internet das coisas e nuvem, por exemplo, estavam mudando a produ\u00e7\u00e3o,<a class=\"read-more\" href=\"https:\/\/crarn.org.br\/?p=64101\"> [&hellip;]<\/a><\/p>\n","protected":false},"author":26,"featured_media":64102,"comment_status":"closed","ping_status":"open","sticky":true,"template":"","format":"standard","meta":{"_price":"","_stock":"","_tribe_ticket_header":"","_tribe_default_ticket_provider":"","_tribe_ticket_capacity":"0","_ticket_start_date":"","_ticket_end_date":"","_tribe_ticket_show_description":"","_tribe_ticket_show_not_going":false,"_tribe_ticket_use_global_stock":"","_tribe_ticket_global_stock_level":"","_global_stock_mode":"","_global_stock_cap":"","_tribe_rsvp_for_event":"","_tribe_ticket_going_count":"","_tribe_ticket_not_going_count":"","_tribe_tickets_list":"[]","_tribe_ticket_has_attendee_info_fields":false,"footnotes":"","_links_to":"","_links_to_target":""},"categories":[547,426,310,320,309],"tags":[],"class_list":["post-64101","post","type-post","status-publish","format-standard","has-post-thumbnail","hentry","category-ano-2021","category-cfa","category-destaque-grande","category-home","category-ultimas-noticias","entry","has-media"],"_links":{"self":[{"href":"https:\/\/crarn.org.br\/index.php?rest_route=\/wp\/v2\/posts\/64101","targetHints":{"allow":["GET"]}}],"collection":[{"href":"https:\/\/crarn.org.br\/index.php?rest_route=\/wp\/v2\/posts"}],"about":[{"href":"https:\/\/crarn.org.br\/index.php?rest_route=\/wp\/v2\/types\/post"}],"author":[{"embeddable":true,"href":"https:\/\/crarn.org.br\/index.php?rest_route=\/wp\/v2\/users\/26"}],"replies":[{"embeddable":true,"href":"https:\/\/crarn.org.br\/index.php?rest_route=%2Fwp%2Fv2%2Fcomments&post=64101"}],"version-history":[{"count":1,"href":"https:\/\/crarn.org.br\/index.php?rest_route=\/wp\/v2\/posts\/64101\/revisions"}],"predecessor-version":[{"id":64103,"href":"https:\/\/crarn.org.br\/index.php?rest_route=\/wp\/v2\/posts\/64101\/revisions\/64103"}],"wp:featuredmedia":[{"embeddable":true,"href":"https:\/\/crarn.org.br\/index.php?rest_route=\/wp\/v2\/media\/64102"}],"wp:attachment":[{"href":"https:\/\/crarn.org.br\/index.php?rest_route=%2Fwp%2Fv2%2Fmedia&parent=64101"}],"wp:term":[{"taxonomy":"category","embeddable":true,"href":"https:\/\/crarn.org.br\/index.php?rest_route=%2Fwp%2Fv2%2Fcategories&post=64101"},{"taxonomy":"post_tag","embeddable":true,"href":"https:\/\/crarn.org.br\/index.php?rest_route=%2Fwp%2Fv2%2Ftags&post=64101"}],"curies":[{"name":"wp","href":"https:\/\/api.w.org\/{rel}","templated":true}]}}